
{"id":1687,"date":"2021-01-29T08:14:10","date_gmt":"2021-01-29T08:14:10","guid":{"rendered":"https:\/\/www.magrina.com\/?p=1687"},"modified":"2021-01-29T08:28:16","modified_gmt":"2021-01-29T08:28:16","slug":"suero-reparador-post-mask","status":"publish","type":"post","link":"https:\/\/www.magrina.com\/fr\/suero-reparador-post-mask\/","title":{"rendered":"S\u00c9RUM DE R\u00c9PARATION POST-MASK"},"content":{"rendered":"<p>S\u00e9rum r\u00e9parateur sp\u00e9cialement formul\u00e9 pour r\u00e9cup\u00e9rer la peau des effets n\u00e9gatifs d\u00e9riv\u00e9s de l&rsquo;utilisation continue du masque. La mauvaise ventilation, l&rsquo;accumulation de s\u00e9cr\u00e9tions s\u00e9bac\u00e9es et de sueur, l&rsquo;environnement humide et chaud ainsi que les effets des frottements physiques favorisent l&rsquo;apparition d&rsquo;impuret\u00e9s cutan\u00e9es, le rougissement de la peau, la perte de vitalit\u00e9 et le manque de confort g\u00e9n\u00e9ral dans la zone couverte par le masque.<br \/>\nGr\u00e2ce \u00e0 la s\u00e9lection rigoureuse de ses principes actifs, il favorise l&rsquo;\u00e9quilibre du microbiome cutan\u00e9, garant de son \u00e9cosyst\u00e8me, qui assure la normalit\u00e9 physiologique de la peau. Il hydrate, revitalise et apaise la peau apr\u00e8s l&rsquo;utilisation du masque et favorise sa protection et sa r\u00e9sistance pendant son utilisation.<\/p>\n<p><span style=\"text-decoration: underline;\"><strong>Indication<\/strong><\/span><br \/>\nTous les types de peau. Hommes et femmes.<\/p>\n<p><span style=\"text-decoration: underline;\"><strong>Application<\/strong><\/span><br \/>\nPostulez de pr\u00e9f\u00e9rence le soir. Peut \u00e9galement \u00eatre utilis\u00e9 pendant la journ\u00e9e, apr\u00e8s un nettoyage correct de la peau.<\/p>\n<p><span style=\"text-decoration: underline;\"><strong>Ingr\u00e9dients actifs<\/strong><\/span><br \/>\n<strong>Complexe synerg\u00e9tique d&rsquo;extraits lipophiles de manuka, de poivre noir et de magnolia :<\/strong> il agit comme un \u00e9quilibreur naturel entre la peau et son microbiote, en particulier dans les situations difficiles, comme l&rsquo;utilisation continue du masque. Il assure une meilleure hygi\u00e8ne de la peau et r\u00e9duit la congestion r\u00e9sultant de son utilisation. Il diminue \u00e9galement la production de s\u00e9bum et les impuret\u00e9s qui en d\u00e9coulent.<br \/>\n<strong>Vitamine F<\/strong> : conditionneur et revitalisant de la peau. Elle est riche en acides gras essentiels provenant de l&rsquo;huile de carthame, avec une teneur \u00e9lev\u00e9e en acide linol\u00e9ique, un composant cl\u00e9 des c\u00e9ramides naturelles de la peau. Elle aide \u00e0 restaurer la barri\u00e8re lipidique de la couche corn\u00e9e et \u00e0 maintenir la structure et la fonctionnalit\u00e9 naturelles de la peau. Elle pr\u00e9vient la s\u00e9cheresse et la desquamation en emp\u00eachant la perte d&rsquo;eau trans\u00e9pidermique (TEWL). Elle am\u00e9liore \u00e9galement la douceur de la peau et r\u00e9duit les rougeurs. Elle constitue un facteur nourrissant et protecteur contre les agressions ext\u00e9rieures.<br \/>\n<strong>Niacinamide<\/strong> : c\u2019est une forme de vitamine B3 qui aide \u00e0 restaurer le teint de la peau et \u00e0 am\u00e9liorer son \u00e9lasticit\u00e9 et sa r\u00e9sistance. Elle r\u00e9duit la sensibilit\u00e9 de la peau et favorise une bonne hydratation.<br \/>\n<strong>Gomme biosaccharide<\/strong> : avec une action hydratante \u00e0 court et long terme. Elle favorise le renouvellement cutan\u00e9, lutte contre le vieillissement et exerce un effet apaisant et adoucissant pour un plus grand confort cutan\u00e9.<\/p>","protected":false},"excerpt":{"rendered":"<p>S\u00e9rum r\u00e9parateur sp\u00e9cialement formul\u00e9 pour r\u00e9cup\u00e9rer la peau des effets n\u00e9gatifs d\u00e9riv\u00e9s de l&rsquo;utilisation continue du masque. La mauvaise ventilation, l&rsquo;accumulation de s\u00e9cr\u00e9tions s\u00e9bac\u00e9es et de sueur, l&rsquo;environnement humide et chaud ainsi que les effets des frottements physiques favorisent l&rsquo;apparition d&rsquo;impuret\u00e9s cutan\u00e9es, le rougissement de la peau, la perte de vitalit\u00e9 et le manque de&nbsp;<a href=\"https:\/\/www.magrina.com\/fr\/suero-reparador-post-mask\/\" class=\"read-more\">Continue Reading<\/a><\/p>\n","protected":false},"author":3,"featured_media":1690,"comment_status":"closed","ping_status":"closed","sticky":false,"template":"","format":"standard","meta":{"footnotes":""},"categories":[1,7,57,9,37,43,60,12,13],"tags":[],"class_list":["post-1687","post","type-post","status-publish","format-standard","has-post-thumbnail","hentry","category-np","category-pf","category-mens-cosmetics","category-wedo","category-acne","category-serum-facial","category-facial-treatment-cream","category-hid","category-cremas-nutritivas","cat-1-id","cat-7-id","cat-57-id","cat-9-id","cat-37-id","cat-43-id","cat-60-id","cat-12-id","cat-13-id"],"_links":{"self":[{"href":"https:\/\/www.magrina.com\/fr\/wp-json\/wp\/v2\/posts\/1687","targetHints":{"allow":["GET"]}}],"collection":[{"href":"https:\/\/www.magrina.com\/fr\/wp-json\/wp\/v2\/posts"}],"about":[{"href":"https:\/\/www.magrina.com\/fr\/wp-json\/wp\/v2\/types\/post"}],"author":[{"embeddable":true,"href":"https:\/\/www.magrina.com\/fr\/wp-json\/wp\/v2\/users\/3"}],"replies":[{"embeddable":true,"href":"https:\/\/www.magrina.com\/fr\/wp-json\/wp\/v2\/comments?post=1687"}],"version-history":[{"count":2,"href":"https:\/\/www.magrina.com\/fr\/wp-json\/wp\/v2\/posts\/1687\/revisions"}],"predecessor-version":[{"id":1689,"href":"https:\/\/www.magrina.com\/fr\/wp-json\/wp\/v2\/posts\/1687\/revisions\/1689"}],"wp:featuredmedia":[{"embeddable":true,"href":"https:\/\/www.magrina.com\/fr\/wp-json\/wp\/v2\/media\/1690"}],"wp:attachment":[{"href":"https:\/\/www.magrina.com\/fr\/wp-json\/wp\/v2\/media?parent=1687"}],"wp:term":[{"taxonomy":"category","embeddable":true,"href":"https:\/\/www.magrina.com\/fr\/wp-json\/wp\/v2\/categories?post=1687"},{"taxonomy":"post_tag","embeddable":true,"href":"https:\/\/www.magrina.com\/fr\/wp-json\/wp\/v2\/tags?post=1687"}],"curies":[{"name":"wp","href":"https:\/\/api.w.org\/{rel}","templated":true}]}}