
{"id":1653,"date":"2020-06-16T05:54:28","date_gmt":"2020-06-16T05:54:28","guid":{"rendered":"https:\/\/www.magrina.com\/?p=1653"},"modified":"2020-06-16T05:54:28","modified_gmt":"2020-06-16T05:54:28","slug":"serum-revitalizante-vitamina-c","status":"publish","type":"post","link":"https:\/\/www.magrina.com\/fr\/serum-revitalizante-vitamina-c\/","title":{"rendered":"S\u00c9RUM REVITALISANT \u00c0 LA VITAMINE C"},"content":{"rendered":"<p>Concentr\u00e9 revitalisant, \u00e9clairant et clarifiant. Tr\u00e8s riche en vitamine C, pr\u00e9sent\u00e9e sous diff\u00e9rentes formes pour un effet synergique et compl\u00e9mentaire, il assure le maintien et\/ou la r\u00e9cup\u00e9ration de la jeunesse de la peau.<br \/>\nIl constitue un apport vitaminique pour l&rsquo;\u00e9piderme qui am\u00e9liore sa protection contre l&rsquo;environnement (action anti-radicalaire et anti-pollution) et minimise les effets des signes cutan\u00e9s li\u00e9s au vieillissement (rides, taches et d\u00e9shydratation).<br \/>\nIl agit comme un agent global de r\u00e9cup\u00e9ration de la physiologie du teint et de la peau, assurant la vitalit\u00e9 et la force de la peau et am\u00e9liorant son tonus et sa luminosit\u00e9.<\/p>\n<p><span style=\"text-decoration: underline;\"><strong>Indication<\/strong><\/span><br \/>\nPeau mature, fragile, atone, terne ou vieillie.<\/p>\n<p><span style=\"text-decoration: underline;\"><strong>Application<\/strong><\/span><br \/>\nAppliquer une ou deux fois par jour, apr\u00e8s un nettoyage correct de la peau. Il peut \u00eatre utilis\u00e9 seul ou en enrichissant la cr\u00e8me habituelle.<\/p>\n<p><span style=\"text-decoration: underline;\"><strong>Ingr\u00e9dients actifs<\/strong><\/span><br \/>\n<strong>Vitamine C:<\/strong> puissant antioxydant qui aide \u00e0 combattre les effets associ\u00e9s au vieillissement tels que la perte de luminosit\u00e9, la flaccidit\u00e9 ou les rides.<br \/>\n<strong>D\u00e9riv\u00e9 de la vitamine C:<\/strong> forme stable de cette vitamine qui renforce ses propri\u00e9t\u00e9s et son efficacit\u00e9 cutan\u00e9e.<br \/>\n<strong>Niacinamide:<\/strong> forme de vitamine B3 qui agit comme antioxydant dans de nombreuses r\u00e9actions de l&rsquo;organisme. Elle contribue \u00e0 uniformiser le teint de la peau, lutte contre les tiraillements et les rugosit\u00e9s de la peau et renforce sa r\u00e9sistance. Avec une action r\u00e9paratrice-restauratrice, elle diminue les rougeurs de la peau et son manque de confort.<br \/>\n<strong>Acide hyaluronique: <\/strong>hydratant et anti-rides, il forme un film protecteur sur l&rsquo;\u00e9piderme qui aide \u00e0 pr\u00e9server son hydratation et son \u00e9lasticit\u00e9. Il renforce la fonction barri\u00e8re de la peau, contribuant ainsi \u00e0 la pr\u00e9servation d&rsquo;une peau jeune et lisse.<br \/>\n<strong>Extrait de Ginkgo biloba:<\/strong> aux propri\u00e9t\u00e9s antioxydantes et apaisantes, il aide \u00e0 r\u00e9duire la congestion de la peau, un facteur important du vieillissement cutan\u00e9.<\/p>","protected":false},"excerpt":{"rendered":"<p>Concentr\u00e9 revitalisant, \u00e9clairant et clarifiant. Tr\u00e8s riche en vitamine C, pr\u00e9sent\u00e9e sous diff\u00e9rentes formes pour un effet synergique et compl\u00e9mentaire, il assure le maintien et\/ou la r\u00e9cup\u00e9ration de la jeunesse de la peau. Il constitue un apport vitaminique pour l&rsquo;\u00e9piderme qui am\u00e9liore sa protection contre l&rsquo;environnement (action anti-radicalaire et anti-pollution) et minimise les effets des&nbsp;<a href=\"https:\/\/www.magrina.com\/fr\/serum-revitalizante-vitamina-c\/\" class=\"read-more\">Continue Reading<\/a><\/p>\n","protected":false},"author":3,"featured_media":1654,"comment_status":"closed","ping_status":"closed","sticky":false,"template":"","format":"standard","meta":{"footnotes":""},"categories":[1,36,42,43],"tags":[],"class_list":["post-1653","post","type-post","status-publish","format-standard","has-post-thumbnail","hentry","category-np","category-anti-age-spots","category-anti-ageing","category-serum-facial","cat-1-id","cat-36-id","cat-42-id","cat-43-id"],"_links":{"self":[{"href":"https:\/\/www.magrina.com\/fr\/wp-json\/wp\/v2\/posts\/1653","targetHints":{"allow":["GET"]}}],"collection":[{"href":"https:\/\/www.magrina.com\/fr\/wp-json\/wp\/v2\/posts"}],"about":[{"href":"https:\/\/www.magrina.com\/fr\/wp-json\/wp\/v2\/types\/post"}],"author":[{"embeddable":true,"href":"https:\/\/www.magrina.com\/fr\/wp-json\/wp\/v2\/users\/3"}],"replies":[{"embeddable":true,"href":"https:\/\/www.magrina.com\/fr\/wp-json\/wp\/v2\/comments?post=1653"}],"version-history":[{"count":3,"href":"https:\/\/www.magrina.com\/fr\/wp-json\/wp\/v2\/posts\/1653\/revisions"}],"predecessor-version":[{"id":1661,"href":"https:\/\/www.magrina.com\/fr\/wp-json\/wp\/v2\/posts\/1653\/revisions\/1661"}],"wp:featuredmedia":[{"embeddable":true,"href":"https:\/\/www.magrina.com\/fr\/wp-json\/wp\/v2\/media\/1654"}],"wp:attachment":[{"href":"https:\/\/www.magrina.com\/fr\/wp-json\/wp\/v2\/media?parent=1653"}],"wp:term":[{"taxonomy":"category","embeddable":true,"href":"https:\/\/www.magrina.com\/fr\/wp-json\/wp\/v2\/categories?post=1653"},{"taxonomy":"post_tag","embeddable":true,"href":"https:\/\/www.magrina.com\/fr\/wp-json\/wp\/v2\/tags?post=1653"}],"curies":[{"name":"wp","href":"https:\/\/api.w.org\/{rel}","templated":true}]}}