
{"id":1687,"date":"2021-01-29T08:14:10","date_gmt":"2021-01-29T08:14:10","guid":{"rendered":"https:\/\/www.magrina.com\/?p=1687"},"modified":"2021-01-29T08:28:16","modified_gmt":"2021-01-29T08:28:16","slug":"suero-reparador-post-mask","status":"publish","type":"post","link":"https:\/\/www.magrina.com\/es\/suero-reparador-post-mask\/","title":{"rendered":"SUERO REPARADOR POST-MASK"},"content":{"rendered":"<p>Suero reparador especialmente formulado para recuperar la piel de los efectos negativos derivados del uso continuado de la mascarilla. La escasa ventilaci\u00f3n, la acumulaci\u00f3n de secreci\u00f3n seb\u00e1cea y sudor y el ambiente h\u00famedo y c\u00e1lido junto con los efectos del rozamiento f\u00edsico, favorecen la aparici\u00f3n de impurezas cut\u00e1neas, el enrojecimiento de la piel, la p\u00e9rdida de su vitalidad y la falta global de confort en la zona cubierta por la mascarilla.<br \/>\nGracias a la cuidadosa selecci\u00f3n de sus activos, promueve el equilibrio del microbioma cut\u00e1neo, garante de su ecosistema, lo que asegura la normalidad fisiol\u00f3gica de la piel. Hidrata, revitaliza y calma la piel despu\u00e9s del uso de la mascarilla y promueve su protecci\u00f3n y resistencia durante su utilizaci\u00f3n.<\/p>\n<p><span style=\"text-decoration: underline;\"><strong>Indicaci\u00f3n<\/strong><\/span><br \/>\nTodo tipo de pieles. Hombres y mujeres.<\/p>\n<p><span style=\"text-decoration: underline;\"><strong>Aplicaci\u00f3n<\/strong><\/span><br \/>\nAplicar preferentemente por la noche. Puede utilizarse tambi\u00e9n durante el d\u00eda, despu\u00e9s de una correcta limpieza de la piel.<\/p>\n<p><span style=\"text-decoration: underline;\"><strong>Ingredientes activos<\/strong><\/span><br \/>\n<strong>Complejo sin\u00e9rgico de extractos lipof\u00edlicos de manuka, pimienta negra y magnolia<\/strong>: act\u00faa como un equilibrante natural entre la piel y su microbiota, especialmente en situaciones dif\u00edciles, como con el uso continuado de la mascarilla. Asegura una mejor higiene cut\u00e1nea y reduce la congesti\u00f3n derivada de su uso. Disminuye la producci\u00f3n de sebo y de las impurezas derivadas.<br \/>\n<strong>Vitamina F<\/strong>: acondicionador y revitalizante cut\u00e1neo. Es rica en \u00e1cidos grasos esenciales del aceite de c\u00e1rtamo, con un elevado contenido en \u00e1cido linoleico, un componente fundamental de las ceramidas naturales de la piel. Ayuda a restaurar la barrera lip\u00eddica del estrato c\u00f3rneo y al mantenimiento de la estructura natural de la piel y su funcionalidad. Combate la sequedad y la descamaci\u00f3n al evitar la p\u00e9rdida transepid\u00e9rmica de agua (TEWL). Mejora la suavidad de la piel y reduce las rojeces. Constituye un factor de nutrici\u00f3n y protecci\u00f3n frente a las agresiones externas<br \/>\n<strong>Niacinamida<\/strong>: forma de vitamina B3 que contribuye a recuperar el tono cut\u00e1neo y a mejorar su elasticidad y resistencia. Reduce la sensibilidad de la piel y promueve su correcta hidrataci\u00f3n.<br \/>\n<strong>Goma de biosac\u00e1ridos<\/strong>: con acci\u00f3n hidratante a corto y largo plazo. Favorece la renovaci\u00f3n de la piel, combate el envejecimiento y aporta un efecto calmante y suavizante para el mayor confort cut\u00e1neo.<\/p>","protected":false},"excerpt":{"rendered":"<p>Suero reparador especialmente formulado para recuperar la piel de los efectos negativos derivados del uso continuado de la mascarilla. La escasa ventilaci\u00f3n, la acumulaci\u00f3n de secreci\u00f3n seb\u00e1cea y sudor y el ambiente h\u00famedo y c\u00e1lido junto con los efectos del rozamiento f\u00edsico, favorecen la aparici\u00f3n de impurezas cut\u00e1neas, el enrojecimiento de la piel, la p\u00e9rdida&nbsp;<a href=\"https:\/\/www.magrina.com\/es\/suero-reparador-post-mask\/\" class=\"read-more\">Continue Reading<\/a><\/p>\n","protected":false},"author":3,"featured_media":1690,"comment_status":"closed","ping_status":"closed","sticky":false,"template":"","format":"standard","meta":{"footnotes":""},"categories":[1,7,57,9,37,12,13,60,43],"tags":[],"class_list":["post-1687","post","type-post","status-publish","format-standard","has-post-thumbnail","hentry","category-np","category-pf","category-mens-cosmetics","category-wedo","category-acne","category-hid","category-cremas-nutritivas","category-facial-treatment-cream","category-serum-facial","cat-1-id","cat-7-id","cat-57-id","cat-9-id","cat-37-id","cat-12-id","cat-13-id","cat-60-id","cat-43-id"],"_links":{"self":[{"href":"https:\/\/www.magrina.com\/es\/wp-json\/wp\/v2\/posts\/1687","targetHints":{"allow":["GET"]}}],"collection":[{"href":"https:\/\/www.magrina.com\/es\/wp-json\/wp\/v2\/posts"}],"about":[{"href":"https:\/\/www.magrina.com\/es\/wp-json\/wp\/v2\/types\/post"}],"author":[{"embeddable":true,"href":"https:\/\/www.magrina.com\/es\/wp-json\/wp\/v2\/users\/3"}],"replies":[{"embeddable":true,"href":"https:\/\/www.magrina.com\/es\/wp-json\/wp\/v2\/comments?post=1687"}],"version-history":[{"count":2,"href":"https:\/\/www.magrina.com\/es\/wp-json\/wp\/v2\/posts\/1687\/revisions"}],"predecessor-version":[{"id":1689,"href":"https:\/\/www.magrina.com\/es\/wp-json\/wp\/v2\/posts\/1687\/revisions\/1689"}],"wp:featuredmedia":[{"embeddable":true,"href":"https:\/\/www.magrina.com\/es\/wp-json\/wp\/v2\/media\/1690"}],"wp:attachment":[{"href":"https:\/\/www.magrina.com\/es\/wp-json\/wp\/v2\/media?parent=1687"}],"wp:term":[{"taxonomy":"category","embeddable":true,"href":"https:\/\/www.magrina.com\/es\/wp-json\/wp\/v2\/categories?post=1687"},{"taxonomy":"post_tag","embeddable":true,"href":"https:\/\/www.magrina.com\/es\/wp-json\/wp\/v2\/tags?post=1687"}],"curies":[{"name":"wp","href":"https:\/\/api.w.org\/{rel}","templated":true}]}}