
{"id":1653,"date":"2020-06-16T05:54:28","date_gmt":"2020-06-16T05:54:28","guid":{"rendered":"https:\/\/www.magrina.com\/?p=1653"},"modified":"2020-06-16T05:54:28","modified_gmt":"2020-06-16T05:54:28","slug":"serum-revitalizante-vitamina-c","status":"publish","type":"post","link":"https:\/\/www.magrina.com\/es\/serum-revitalizante-vitamina-c\/","title":{"rendered":"SERUM REVITALIZANTE VITAMINA C"},"content":{"rendered":"<p>Concentrado revitalizante, iluminador y aclarante. Altamente rico en vitamina C, que se presenta en diferentes formas para un efecto sin\u00e9rgico y complementario, asegura el mantenimiento y\/o recuperaci\u00f3n de la juventud de la piel.<br \/>\nConstituye un aporte vitam\u00ednico para la epidermis que mejora su protecci\u00f3n frente al entorno (acci\u00f3n antiradicales y antipoluci\u00f3n) y minimiza los efectos de los signos cut\u00e1neos asociados al envejecimiento (arrugas, manchas y deshidrataci\u00f3n).<br \/>\nAct\u00faa como un agente global de recuperaci\u00f3n de la complexi\u00f3n\/ fisiolog\u00eda cut\u00e1nea, asegurando la vitalidad y fortaleza de la piel y mejorando su tono y luminosidad.<\/p>\n<p><strong><span style=\"text-decoration: underline;\">Indicaci\u00f3n<\/span><\/strong><br \/>\nPieles maduras, fr\u00e1giles, \u00e1tonas, apagadas o envejecidas.<\/p>\n<p><span style=\"text-decoration: underline;\"><strong>Aplicaci\u00f3n<\/strong><\/span><br \/>\nAplicar una o dos veces al d\u00eda, despu\u00e9s de una correcta limpieza de la piel. Puede utilizarse s\u00f3lo o enriqueciendo la crema habitual.<\/p>\n<p><span style=\"text-decoration: underline;\"><strong>Ingredientes activos<\/strong><\/span><br \/>\n<strong>Vitamina C:<\/strong> poderoso antioxidante que contribuye a combatir los efectos asociados al envejecimiento como p\u00e9rdida de luminosidad, flacidez o arrugas.<br \/>\n<strong>Derivado de vitamina C:<\/strong> forma estable de esta vitamina que refuerza sus propiedades y eficacia cut\u00e1neas.<br \/>\n<strong>Niacinamida:<\/strong> forma de vitamina B3 que interviene como antioxidante en numerosas reacciones del organismo. Contribuye a unificar el tono cut\u00e1neo, combate la piel tirante y \u00e1spera y refuerza su resistencia. Con acci\u00f3n reparadora-restauradora, disminuye el enrojecimiento de la piel y su falta de confort.<br \/>\n<strong>\u00c1cido hialur\u00f3nico:<\/strong> hidratante y antiarrugas, forma sobre la epidermis una pel\u00edcula protectora que ayuda a la conservaci\u00f3n de su hidrataci\u00f3n y elasticidad. Potencia la funci\u00f3n barrera de la piel, contribuyendo a la conservaci\u00f3n de una piel joven y tersa.<br \/>\n<strong>Extracto de Ginkgo biloba:<\/strong> con propiedades antioxidantes y calmantes, contribuye a reducir la congesti\u00f3n cut\u00e1nea, un factor significativo en el envejecimiento cut\u00e1neo.<\/p>","protected":false},"excerpt":{"rendered":"<p>Concentrado revitalizante, iluminador y aclarante. Altamente rico en vitamina C, que se presenta en diferentes formas para un efecto sin\u00e9rgico y complementario, asegura el mantenimiento y\/o recuperaci\u00f3n de la juventud de la piel. Constituye un aporte vitam\u00ednico para la epidermis que mejora su protecci\u00f3n frente al entorno (acci\u00f3n antiradicales y antipoluci\u00f3n) y minimiza los efectos&nbsp;<a href=\"https:\/\/www.magrina.com\/es\/serum-revitalizante-vitamina-c\/\" class=\"read-more\">Continue Reading<\/a><\/p>\n","protected":false},"author":3,"featured_media":1654,"comment_status":"closed","ping_status":"closed","sticky":false,"template":"","format":"standard","meta":{"footnotes":""},"categories":[1,42,36,43],"tags":[],"class_list":["post-1653","post","type-post","status-publish","format-standard","has-post-thumbnail","hentry","category-np","category-anti-ageing","category-anti-age-spots","category-serum-facial","cat-1-id","cat-42-id","cat-36-id","cat-43-id"],"_links":{"self":[{"href":"https:\/\/www.magrina.com\/es\/wp-json\/wp\/v2\/posts\/1653","targetHints":{"allow":["GET"]}}],"collection":[{"href":"https:\/\/www.magrina.com\/es\/wp-json\/wp\/v2\/posts"}],"about":[{"href":"https:\/\/www.magrina.com\/es\/wp-json\/wp\/v2\/types\/post"}],"author":[{"embeddable":true,"href":"https:\/\/www.magrina.com\/es\/wp-json\/wp\/v2\/users\/3"}],"replies":[{"embeddable":true,"href":"https:\/\/www.magrina.com\/es\/wp-json\/wp\/v2\/comments?post=1653"}],"version-history":[{"count":3,"href":"https:\/\/www.magrina.com\/es\/wp-json\/wp\/v2\/posts\/1653\/revisions"}],"predecessor-version":[{"id":1661,"href":"https:\/\/www.magrina.com\/es\/wp-json\/wp\/v2\/posts\/1653\/revisions\/1661"}],"wp:featuredmedia":[{"embeddable":true,"href":"https:\/\/www.magrina.com\/es\/wp-json\/wp\/v2\/media\/1654"}],"wp:attachment":[{"href":"https:\/\/www.magrina.com\/es\/wp-json\/wp\/v2\/media?parent=1653"}],"wp:term":[{"taxonomy":"category","embeddable":true,"href":"https:\/\/www.magrina.com\/es\/wp-json\/wp\/v2\/categories?post=1653"},{"taxonomy":"post_tag","embeddable":true,"href":"https:\/\/www.magrina.com\/es\/wp-json\/wp\/v2\/tags?post=1653"}],"curies":[{"name":"wp","href":"https:\/\/api.w.org\/{rel}","templated":true}]}}