
{"id":1547,"date":"2019-01-24T11:36:30","date_gmt":"2019-01-24T11:36:30","guid":{"rendered":"https:\/\/www.magrina.com\/?p=1547"},"modified":"2019-01-29T13:21:27","modified_gmt":"2019-01-29T13:21:27","slug":"crema-de-dia-proteccion-luz-azul-360o","status":"publish","type":"post","link":"https:\/\/www.magrina.com\/es\/crema-de-dia-proteccion-luz-azul-360o\/","title":{"rendered":"CREMA DE DIA PROTECCI\u00d3N LUZ AZUL 360\u00ba"},"content":{"rendered":"<p>Crema protectora, formulada como base diaria para la protecci\u00f3n cut\u00e1nea frente a la luz azul o visible, tanto la artificial, que procede de todo tipo de dispositivos electr\u00f3nicos utilizados a diario (tel\u00e9fonos m\u00f3viles, pantallas de ordenador, tabletas, iluminaci\u00f3n tipo led etc.) como la solar, donde participa en la regulaci\u00f3n hormonal y en los ritmos de vigilia-sue\u00f1o de nuestro organismo.<br \/>La luz azul, aun siendo menos penetrante que la ultravioleta, es responsable del llamado envejecimiento digital que se manifiesta en forma de arrugas, flacidez, manchas o congesti\u00f3n. <br \/>La llamada protecci\u00f3n 360\u00ba implica la cobertura de defensa de los diferentes tipos de radiaci\u00f3n a los que estamos expuestos (ultravioleta, infrarroja y azul o visible), por lo que constituye un producto de protecci\u00f3n integral para garantizar una piel fuerte y resistente frente a los efectos perjudiciales del entorno, a los que la sometemos a diario.<\/p>\r\n<p><span style=\"text-decoration: underline;\"><strong>Indicaci\u00f3n<\/strong><\/span><br \/>Todo tipo de pieles y muy especialmente a partir de los 35 a\u00f1os.<\/p>\r\n<p><span style=\"text-decoration: underline;\"><strong>Aplicaci\u00f3n<\/strong><\/span><br \/>Aplicar como base diaria, preferentemente por la ma\u00f1ana realizando un suave masaje sobre cara, cuello y escote hasta su total absorci\u00f3n.<\/p>\r\n<p><strong><span style=\"text-decoration: underline;\">Ingredientes activos<\/span><\/strong><br \/><strong>C\u00e9lulas madre de algod\u00f3n de Arabia<\/strong>: protector natural de car\u00e1cter global o de amplio espectro frente a la radiaci\u00f3n solar (ultravioleta, visible e infraroja).\u00a0 Minimiza\u00a0 sus efectos perjudiciales sobre la piel, particularmente el fotoenvejecimiento.\u00a0 Refuerza la viabilidad de las c\u00e9lulas cut\u00e1neas sometidas a la agresi\u00f3n solar. Presenta un car\u00e1cter multifuncional: fotoprotector, antioxidante, calmante, descongestivo y reparador. <br \/><strong>Escualano<\/strong>: flexibiliza la superficie cut\u00e1nea sin aportar tacto graso. Es emoliente, lubricante\u00a0 y humectante. Con efectos beneficiosos sobre la integridad y funci\u00f3n barrera de la piel <br \/><strong>Glicerina<\/strong>: substancia humectante que forma una pel\u00edcula protectora sobre la piel, con\u00a0 una acci\u00f3n suavizante<br \/><strong>Derivado betaina<\/strong>: agente hidratante que recupera, tanto de forma inmediata como a largo plazo, la sequedad de la piel. Controla el equilibrio h\u00eddrico de las c\u00e9lulas cut\u00e1neas, reforzando su protecci\u00f3n frente a las agresiones externas. Adem\u00e1s, refuerza la elasticidad e integridad de la piel.<\/p>","protected":false},"excerpt":{"rendered":"<p>Crema protectora, formulada como base diaria para la protecci\u00f3n cut\u00e1nea frente a la luz azul o visible, tanto la artificial, que procede de todo tipo de dispositivos electr\u00f3nicos utilizados a diario (tel\u00e9fonos m\u00f3viles, pantallas de ordenador, tabletas, iluminaci\u00f3n tipo led etc.) como la solar, donde participa en la regulaci\u00f3n hormonal y en los ritmos de&nbsp;<a href=\"https:\/\/www.magrina.com\/es\/crema-de-dia-proteccion-luz-azul-360o\/\" class=\"read-more\">Continue Reading<\/a><\/p>\n","protected":false},"author":3,"featured_media":1554,"comment_status":"closed","ping_status":"closed","sticky":false,"template":"","format":"standard","meta":{"footnotes":""},"categories":[1,42],"tags":[],"class_list":["post-1547","post","type-post","status-publish","format-standard","has-post-thumbnail","hentry","category-np","category-anti-ageing","cat-1-id","cat-42-id"],"_links":{"self":[{"href":"https:\/\/www.magrina.com\/es\/wp-json\/wp\/v2\/posts\/1547","targetHints":{"allow":["GET"]}}],"collection":[{"href":"https:\/\/www.magrina.com\/es\/wp-json\/wp\/v2\/posts"}],"about":[{"href":"https:\/\/www.magrina.com\/es\/wp-json\/wp\/v2\/types\/post"}],"author":[{"embeddable":true,"href":"https:\/\/www.magrina.com\/es\/wp-json\/wp\/v2\/users\/3"}],"replies":[{"embeddable":true,"href":"https:\/\/www.magrina.com\/es\/wp-json\/wp\/v2\/comments?post=1547"}],"version-history":[{"count":3,"href":"https:\/\/www.magrina.com\/es\/wp-json\/wp\/v2\/posts\/1547\/revisions"}],"predecessor-version":[{"id":1556,"href":"https:\/\/www.magrina.com\/es\/wp-json\/wp\/v2\/posts\/1547\/revisions\/1556"}],"wp:featuredmedia":[{"embeddable":true,"href":"https:\/\/www.magrina.com\/es\/wp-json\/wp\/v2\/media\/1554"}],"wp:attachment":[{"href":"https:\/\/www.magrina.com\/es\/wp-json\/wp\/v2\/media?parent=1547"}],"wp:term":[{"taxonomy":"category","embeddable":true,"href":"https:\/\/www.magrina.com\/es\/wp-json\/wp\/v2\/categories?post=1547"},{"taxonomy":"post_tag","embeddable":true,"href":"https:\/\/www.magrina.com\/es\/wp-json\/wp\/v2\/tags?post=1547"}],"curies":[{"name":"wp","href":"https:\/\/api.w.org\/{rel}","templated":true}]}}