
{"id":1539,"date":"2018-10-30T16:02:02","date_gmt":"2018-10-30T16:02:02","guid":{"rendered":"https:\/\/www.magrina.com\/?p=1539"},"modified":"2018-10-31T09:06:55","modified_gmt":"2018-10-31T09:06:55","slug":"gel-micelar-pieles-jovenes-equilibrante-microbioma","status":"publish","type":"post","link":"https:\/\/www.magrina.com\/es\/gel-micelar-pieles-jovenes-equilibrante-microbioma\/","title":{"rendered":"GEL BASE PIELES J\u00d3VENES, equilibrante microbioma"},"content":{"rendered":"<p>Base facial formulada espec\u00edficamente para el cuidado protector de la piel facial joven. Contribuye a recuperar el equilibrio del microbioma en este este tipo de pieles, alterado con frecuencia y que se refleja en una piel apagada, irregular y con impurezas.<br \/>\nAct\u00faa como una barrera de defensa frente al entorno:<br \/>\n&#8211; desde un efecto propiamente f\u00edsico, mediante la formaci\u00f3n de una pel\u00edcula protectora sobre la piel<br \/>\n&#8211; desde un efecto biol\u00f3gico, gracias a sus ingredientes activos, garant\u00eda del equilibrio del microbioma cut\u00e1neo.<br \/>\nAs\u00ed, a trav\u00e9s del correcto mantenimiento de la flora de la piel, se garantiza su hidrataci\u00f3n, nutrici\u00f3n y fortaleza.<\/p>\n<p><span style=\"text-decoration: underline;\"><strong>Indicaci\u00f3n<\/strong><\/span><br \/>\nPieles adolescentes, pieles j\u00f3venes.<\/p>\n<p><strong><span style=\"text-decoration: underline;\">Aplicaci\u00f3n<\/span><\/strong><br \/>\nAplicar como base diaria, preferentemente por la ma\u00f1ana realizando un suave masaje sobre cara, cuello y escote hasta su total absorci\u00f3n.<\/p>\n<p><span style=\"text-decoration: underline;\"><strong>Ingredientes activos<\/strong><\/span><br \/>\n<strong>Alfa-glucooligosac\u00e1ridos<\/strong>:\u00a0 prebi\u00f3tico que mejora la complexi\u00f3n de la piel y refuerza sus defensas (activa las \u201cdefensinas\u201d, las prote\u00ednas que potencian la inmunidad cut\u00e1nea). Contribuye al mantenimiento de la ecolog\u00eda cut\u00e1nea (ecoflora) y asegura el equilibrio de la piel, favoreciendo su luminosidad y su confort. Reduce los s\u00edntomas de reactividad cut\u00e1nea.<\/p>\n<p><strong>Complejo de ramnosa<\/strong>: (polisac\u00e1rido o az\u00facar) de car\u00e1cter humectante y film\u00f3geno que genera una pel\u00edcula protectora sobre la piel contribuyendo a su suavidad y protecci\u00f3n.\u00a0 El recubrimiento que origina sobre la piel, tipo \u00abTeflon&#x2122;\u00bb inhibe la adhesi\u00f3n de bacterias indeseables sobre su superficie.\u00a0 Su riqueza en ramnosa, az\u00facar involucrado en la comunicaci\u00f3n celular, confiere la capacidad de modular la respuesta inflamatoria en caso de agresi\u00f3n a la piel.<\/p>\n<p><strong>Derivado de ra\u00edz de bardana<\/strong>: act\u00faa como un agente equilibrante de la microbiota cut\u00e1nea al tiempo que asegura la preservaci\u00f3n de su integridad y diversidad. Contribuye a reforzar la cohesi\u00f3n y resistencia de la epidermis, incrementando su funci\u00f3n barrera y tolerancia frente al estr\u00e9s. Con efecto suavizante e hidratante y acabado confort de larga duraci\u00f3n.<\/p>","protected":false},"excerpt":{"rendered":"<p>Base facial formulada espec\u00edficamente para el cuidado protector de la piel facial joven. Contribuye a recuperar el equilibrio del microbioma en este este tipo de pieles, alterado con frecuencia y que se refleja en una piel apagada, irregular y con impurezas. Act\u00faa como una barrera de defensa frente al entorno: &#8211; desde un efecto propiamente&nbsp;<a href=\"https:\/\/www.magrina.com\/es\/gel-micelar-pieles-jovenes-equilibrante-microbioma\/\" class=\"read-more\">Continue Reading<\/a><\/p>\n","protected":false},"author":3,"featured_media":1541,"comment_status":"closed","ping_status":"closed","sticky":false,"template":"","format":"standard","meta":{"footnotes":""},"categories":[7,32,37,12,38],"tags":[],"class_list":["post-1539","post","type-post","status-publish","format-standard","has-post-thumbnail","hentry","category-pf","category-spec-treat","category-acne","category-hid","category-oily-skins","cat-7-id","cat-32-id","cat-37-id","cat-12-id","cat-38-id"],"_links":{"self":[{"href":"https:\/\/www.magrina.com\/es\/wp-json\/wp\/v2\/posts\/1539","targetHints":{"allow":["GET"]}}],"collection":[{"href":"https:\/\/www.magrina.com\/es\/wp-json\/wp\/v2\/posts"}],"about":[{"href":"https:\/\/www.magrina.com\/es\/wp-json\/wp\/v2\/types\/post"}],"author":[{"embeddable":true,"href":"https:\/\/www.magrina.com\/es\/wp-json\/wp\/v2\/users\/3"}],"replies":[{"embeddable":true,"href":"https:\/\/www.magrina.com\/es\/wp-json\/wp\/v2\/comments?post=1539"}],"version-history":[{"count":2,"href":"https:\/\/www.magrina.com\/es\/wp-json\/wp\/v2\/posts\/1539\/revisions"}],"predecessor-version":[{"id":1542,"href":"https:\/\/www.magrina.com\/es\/wp-json\/wp\/v2\/posts\/1539\/revisions\/1542"}],"wp:featuredmedia":[{"embeddable":true,"href":"https:\/\/www.magrina.com\/es\/wp-json\/wp\/v2\/media\/1541"}],"wp:attachment":[{"href":"https:\/\/www.magrina.com\/es\/wp-json\/wp\/v2\/media?parent=1539"}],"wp:term":[{"taxonomy":"category","embeddable":true,"href":"https:\/\/www.magrina.com\/es\/wp-json\/wp\/v2\/categories?post=1539"},{"taxonomy":"post_tag","embeddable":true,"href":"https:\/\/www.magrina.com\/es\/wp-json\/wp\/v2\/tags?post=1539"}],"curies":[{"name":"wp","href":"https:\/\/api.w.org\/{rel}","templated":true}]}}