
{"id":1528,"date":"2018-06-06T08:18:50","date_gmt":"2018-06-06T08:18:50","guid":{"rendered":"https:\/\/www.magrina.com\/?p=1528"},"modified":"2018-06-06T08:22:14","modified_gmt":"2018-06-06T08:22:14","slug":"pre-probiotic-protective-foundation","status":"publish","type":"post","link":"https:\/\/www.magrina.com\/es\/pre-probiotic-protective-foundation\/","title":{"rendered":"BASE PROTECTORA PRE &#038; PROBI\u00d3TICA"},"content":{"rendered":"<p>Base facial formulada espec\u00edficamente para el cuidado protector de la piel facial. Act\u00faa como una barrera de defensa frente al entorno, tanto desde un efecto propiamente f\u00edsico, mediante la formaci\u00f3n de una pel\u00edcula protectora sobre la piel, como desde un efecto biol\u00f3gico, gracias a sus ingredientes activos, garant\u00eda del equilibrio del microbioma cut\u00e1neo, el conjunto de g\u00e9rmenes que constituyen la flora de la piel y que son responsables, en gran parte, de su hidrataci\u00f3n, nutrici\u00f3n y fortaleza. Mejora el aspecto y el tacto cut\u00e1neo.<\/p>\n<p><span style=\"text-decoration: underline;\"><strong>Indicaci\u00f3n<\/strong><\/span><br \/>\nTodo tipo de pieles<\/p>\n<p><span style=\"text-decoration: underline;\"><strong>Aplicaci\u00f3n<\/strong><\/span><br \/>\nAplicar como base diaria, preferentemente por la ma\u00f1ana realizando un suave masaje sobre cara, cuello y escote hasta su total absorci\u00f3n<\/p>\n<p><strong><span style=\"text-decoration: underline;\">Ingredientes activos<\/span><\/strong><br \/>\n<strong>Alfa-glucooligosac\u00e1ridos<\/strong>:\u00a0 pre y probi\u00f3tico que mejora la complexi\u00f3n de la piel y refuerza sus defensas (activa las \u201cdefensinas\u201d, las prote\u00ednas que potencian la inmunidad cut\u00e1nea). Contribuye al mantenimiento de la ecolog\u00eda cut\u00e1nea (ecoflora) y asegura el equilibrio de la piel, favoreciendo su luminosidad y su confort. Reduce los s\u00edntomas de reactividad cut\u00e1nea.<\/p>\n<p><strong>Complejo de ramnosa (polisac\u00e1rido o az\u00facar):<\/strong> de car\u00e1cter humectante y film\u00f3geno que genera una pel\u00edcula protectora sobre la piel contribuyendo a su suavidad y protecci\u00f3n.\u00a0 El recubrimiento que origina sobre la piel, tipo \u00abTeflon &#x2122;\u00bb inhibe la adhesi\u00f3n de bacterias indeseables sobre su superficie.\u00a0 Su riqueza en ramnosa, az\u00facar involucrado en la comunicaci\u00f3n celular, confiere la capacidad de modular la respuesta inflamatoria en caso de agresi\u00f3n a la piel.<\/p>\n<p><strong>Escualano<\/strong>:\u00a0 obtenido a partir del aceite de oliva, es un ingrediente untuoso que flexibiliza la superficie cut\u00e1nea sin aportar tacto graso. Es un componente natural del sebo humano con una alta resistencia a la oxidaci\u00f3n.\u00a0\u00a0 Emoliente, lubricante y humectante. Deja sobre la piel una pel\u00edcula hidro-lip\u00eddica con efectos beneficiosos sobre la integridad y funci\u00f3n barrera de la misma. Nutriente y reparador.<\/p>\n<p><strong>Vitamina F:<\/strong>\u00a0 acondicionador y revitalizante cut\u00e1neo. Es rica en \u00e1cidos grasos esenciales poliinsaturados del \u00e1ceite de c\u00e1rtamo, con un elevado contenido en \u00e1cido linol\u00e9ico, un componente fundamental de las ceramidas naturales de la piel. Ayuda a restaurar la barrera lip\u00eddica del estrato c\u00f3rneo y al mantenimiento de la estructura natural de la piel y su funcionalidad. Combate la sequedad y la descamaci\u00f3n al evitar la p\u00e9rdida transepid\u00e9rmica de agua (TEWL). Mejora la suavidad de la piel y reduce las rojeces. Constituye un factor de nutrici\u00f3n y protecci\u00f3n frente a las agresiones externas.<\/p>\n<p><strong>Vitamina E:<\/strong> agente con actividad antioxidante y antiradicales libres que combate las arrugas y el envejecimiento cut\u00e1neo prematuro. Presenta tambi\u00e9n una acci\u00f3n hidratante y un poder recuperador la elasticidad de la piel. Potencia sus mecanismos naturales de defensa. Contribuye a la recuperaci\u00f3n de la normalidad fisiol\u00f3gica cut\u00e1nea.<\/p>","protected":false},"excerpt":{"rendered":"<p>Base facial formulada espec\u00edficamente para el cuidado protector de la piel facial. Act\u00faa como una barrera de defensa frente al entorno, tanto desde un efecto propiamente f\u00edsico, mediante la formaci\u00f3n de una pel\u00edcula protectora sobre la piel, como desde un efecto biol\u00f3gico, gracias a sus ingredientes activos, garant\u00eda del equilibrio del microbioma cut\u00e1neo, el conjunto&nbsp;<a href=\"https:\/\/www.magrina.com\/es\/pre-probiotic-protective-foundation\/\" class=\"read-more\">Continue Reading<\/a><\/p>\n","protected":false},"author":3,"featured_media":1530,"comment_status":"closed","ping_status":"closed","sticky":false,"template":"","format":"standard","meta":{"footnotes":""},"categories":[32,41,42],"tags":[],"class_list":["post-1528","post","type-post","status-publish","format-standard","has-post-thumbnail","hentry","category-spec-treat","category-anti-wrinkle","category-anti-ageing","cat-32-id","cat-41-id","cat-42-id"],"_links":{"self":[{"href":"https:\/\/www.magrina.com\/es\/wp-json\/wp\/v2\/posts\/1528","targetHints":{"allow":["GET"]}}],"collection":[{"href":"https:\/\/www.magrina.com\/es\/wp-json\/wp\/v2\/posts"}],"about":[{"href":"https:\/\/www.magrina.com\/es\/wp-json\/wp\/v2\/types\/post"}],"author":[{"embeddable":true,"href":"https:\/\/www.magrina.com\/es\/wp-json\/wp\/v2\/users\/3"}],"replies":[{"embeddable":true,"href":"https:\/\/www.magrina.com\/es\/wp-json\/wp\/v2\/comments?post=1528"}],"version-history":[{"count":2,"href":"https:\/\/www.magrina.com\/es\/wp-json\/wp\/v2\/posts\/1528\/revisions"}],"predecessor-version":[{"id":1532,"href":"https:\/\/www.magrina.com\/es\/wp-json\/wp\/v2\/posts\/1528\/revisions\/1532"}],"wp:featuredmedia":[{"embeddable":true,"href":"https:\/\/www.magrina.com\/es\/wp-json\/wp\/v2\/media\/1530"}],"wp:attachment":[{"href":"https:\/\/www.magrina.com\/es\/wp-json\/wp\/v2\/media?parent=1528"}],"wp:term":[{"taxonomy":"category","embeddable":true,"href":"https:\/\/www.magrina.com\/es\/wp-json\/wp\/v2\/categories?post=1528"},{"taxonomy":"post_tag","embeddable":true,"href":"https:\/\/www.magrina.com\/es\/wp-json\/wp\/v2\/tags?post=1528"}],"curies":[{"name":"wp","href":"https:\/\/api.w.org\/{rel}","templated":true}]}}