
{"id":1406,"date":"2016-10-21T09:17:47","date_gmt":"2016-10-21T09:17:47","guid":{"rendered":"http:\/\/www.magrina.com\/?p=1406"},"modified":"2016-10-21T09:19:05","modified_gmt":"2016-10-21T09:19:05","slug":"epigenetic_cream","status":"publish","type":"post","link":"https:\/\/www.magrina.com\/es\/epigenetic_cream\/","title":{"rendered":"CREMA EPIGEN\u00c9TICA"},"content":{"rendered":"<p>Base cremosa, nuevo concepto de producto cosm\u00e9tico con un ingrediente inteligente, un activo epigen\u00e9tico que tiene por objeto reactivar la juventud de la piel. Su acci\u00f3n se basa en mejorar los mecanismos responsables de una buena calidad cut\u00e1nea, mecanismos que se ven afectados por nuestro entorno y nuestro estilo de vida.\u00a0 Se activan as\u00ed, los genes que participan en el rejuvenecimiento de la piel, favoreciendo la s\u00edntesis de col\u00e1geno y otras fibras el\u00e1sticas, inactivando los enzimas aceleradores del envejecimiento y mejorando todos los par\u00e1metros esenciales para una buena calidad de la piel, que se percibe, con su uso, m\u00e1s joven y equilibrada, con mejor tono y elasticidad y textura m\u00e1s fina y uniforme.<\/p>\n<p><span style=\"text-decoration: underline;\"><strong>Aplicaci\u00f3n<\/strong><\/span><br \/>\nAplicar una o dos veces al d\u00eda en suave masaje sobre cara, cuello y escote hasta su total absorci\u00f3n.<\/p>\n<p><strong><span style=\"text-decoration: underline;\">Indicaciones<\/span><\/strong><br \/>\nTodo tipo de pieles, particularmente las m\u00e1s maduras\u00a0 y en general todas las que pueden estar sometidas a condiciones ambientales m\u00e1s extremas, aunque sean j\u00f3venes.<\/p>\n<p><span style=\"text-decoration: underline;\"><strong>Ingredientes activos<\/strong><\/span><br \/>\n<strong>Epigenomil\u00ae:<\/strong> obtenido a partir de las flores de cal\u00e9ndula, es activo inteligente que reequilibra los mecanismos epigen\u00e9ticos (factores externos que influyen sobre nuestros genes cut\u00e1neos)\u00a0 que tienen lugar en nuestra piel con un efecto antiaging<br \/>\n<strong>Manteca de Karit\u00e9:<\/strong> extracto natural de la nuez de Karit\u00e9, de propiedades lubricantes, emolientes y protectoras. Combate la sequedad\u00a0 cut\u00e1nea, suaviza y favorece el confort de la piel.<br \/>\n<strong>Vitamina E<\/strong>: vitamina multibeneficio con un efecto tanto tratante como preventivo. Presenta principalmente una actividad antioxidante y antiradicales libres. Combate la sequedad y las arrugas. Contribuye al mantenimiento de la elasticidad de la piel. Aten\u00faa la reactividad cut\u00e1nea.<br \/>\n<strong>Alanto\u00edna<\/strong>: agente que fomenta la renovaci\u00f3n celular, especialmente la de la piel alterada o maltratada por factores externos (sol, frio, viento\u2026)<br \/>\n<strong>Glicerina<\/strong>: substancia humectante que forma una pel\u00edcula protectora sobre la epidermis, con\u00a0 una acci\u00f3n suavizante<br \/>\n<strong>Aceite de arroz<\/strong>: obtenido de los granos da arroz, es rico en antioxidantes particularmente el\u00a0 oryzanol, \u00e1cidos grasos y vitaminas A y E. Muy eficaz en la defensa frente a la acci\u00f3n perjudicial de los radicales libres y, en consecuencia, en la lucha contra el envejecimiento prematuro. Promueve la formaci\u00f3n de col\u00e1geno. Act\u00faa como lubricante y emoliente cut\u00e1neo con una untuosidad discreta y una absorci\u00f3n r\u00e1pida.<br \/>\n<strong>Polisac\u00e1rido calmante<\/strong>: obtenido biotecnol\u00f3gicamente a partir de substratos vegetales, se comporta como un agente desensibilizante que se opone a la reactividad cut\u00e1nea, asegurando una piel equilibrada y confortable.<\/p>","protected":false},"excerpt":{"rendered":"<p>Base cremosa, nuevo concepto de producto cosm\u00e9tico con un ingrediente inteligente, un activo epigen\u00e9tico que tiene por objeto reactivar la juventud de la piel. Su acci\u00f3n se basa en mejorar los mecanismos responsables de una buena calidad cut\u00e1nea, mecanismos que se ven afectados por nuestro entorno y nuestro estilo de vida.\u00a0 Se activan as\u00ed, los&nbsp;<a href=\"https:\/\/www.magrina.com\/es\/epigenetic_cream\/\" class=\"read-more\">Continue Reading<\/a><\/p>\n","protected":false},"author":3,"featured_media":1407,"comment_status":"closed","ping_status":"closed","sticky":false,"template":"","format":"standard","meta":{"footnotes":""},"categories":[1,32,42],"tags":[],"class_list":["post-1406","post","type-post","status-publish","format-standard","has-post-thumbnail","hentry","category-np","category-spec-treat","category-anti-ageing","cat-1-id","cat-32-id","cat-42-id"],"_links":{"self":[{"href":"https:\/\/www.magrina.com\/es\/wp-json\/wp\/v2\/posts\/1406","targetHints":{"allow":["GET"]}}],"collection":[{"href":"https:\/\/www.magrina.com\/es\/wp-json\/wp\/v2\/posts"}],"about":[{"href":"https:\/\/www.magrina.com\/es\/wp-json\/wp\/v2\/types\/post"}],"author":[{"embeddable":true,"href":"https:\/\/www.magrina.com\/es\/wp-json\/wp\/v2\/users\/3"}],"replies":[{"embeddable":true,"href":"https:\/\/www.magrina.com\/es\/wp-json\/wp\/v2\/comments?post=1406"}],"version-history":[{"count":2,"href":"https:\/\/www.magrina.com\/es\/wp-json\/wp\/v2\/posts\/1406\/revisions"}],"predecessor-version":[{"id":1409,"href":"https:\/\/www.magrina.com\/es\/wp-json\/wp\/v2\/posts\/1406\/revisions\/1409"}],"wp:featuredmedia":[{"embeddable":true,"href":"https:\/\/www.magrina.com\/es\/wp-json\/wp\/v2\/media\/1407"}],"wp:attachment":[{"href":"https:\/\/www.magrina.com\/es\/wp-json\/wp\/v2\/media?parent=1406"}],"wp:term":[{"taxonomy":"category","embeddable":true,"href":"https:\/\/www.magrina.com\/es\/wp-json\/wp\/v2\/categories?post=1406"},{"taxonomy":"post_tag","embeddable":true,"href":"https:\/\/www.magrina.com\/es\/wp-json\/wp\/v2\/tags?post=1406"}],"curies":[{"name":"wp","href":"https:\/\/api.w.org\/{rel}","templated":true}]}}