
{"id":1400,"date":"2016-07-08T09:47:58","date_gmt":"2016-07-08T09:47:58","guid":{"rendered":"http:\/\/www.magrina.com\/?p=1400"},"modified":"2016-07-08T09:47:58","modified_gmt":"2016-07-08T09:47:58","slug":"sleeping-mask","status":"publish","type":"post","link":"https:\/\/www.magrina.com\/es\/sleeping-mask\/","title":{"rendered":"SLEEPING MASK"},"content":{"rendered":"<p>Nuevo concepto de mascarilla nocturna que aprovecha la receptividad de la piel durante el descanso para mejorar sus condiciones generales y reforzar su vitalidad.<br \/>\nAsegura que nuestra piel \u201cduerme\u201d durante la noche para despertar por la ma\u00f1ana descansada y recuperada.<br \/>\nSu textura cremosa as\u00ed como una adecuada combinaci\u00f3n de diferentes tipos de vitaminas contribuye a equilibrar las agresiones diarias medioambientales y a dinamizar el proceso de renovaci\u00f3n cut\u00e1nea.<br \/>\nDe este modo, la piel recarga energ\u00eda y establece los mecanismos de reparaci\u00f3n necesarios para levantarse con un rostro sin fatiga y una textura cut\u00e1nea m\u00e1s joven, radiante y luminosa.<\/p>\n<p><span style=\"text-decoration: underline;\"><strong>Aplicaci\u00f3n<\/strong><\/span><br \/>\nAplicar una fina capa por la noche sobre la piel de cara, cuello y escote,\u00a0 perfectamente limpia, al menos dos veces por semana y unos minutos antes de acostarse. Realizar entonces un generoso masaje hasta que el producto se funda con la piel y se absorba totalmente.<\/p>\n<p><strong><span style=\"text-decoration: underline;\">Indicaciones<\/span><\/strong><br \/>\nTodo tipo de pieles y muy especialmente las m\u00e1s sensibles, reactivas, fr\u00e1giles o fatigadas. Particularmente adecuada despu\u00e9s de los d\u00edas en que la\u00a0 piel ha estado sometida de forma intensa a un ambiente exterior (sol, fr\u00edo, viento&#8230;.) o interior (aire acondicionado, calefacci\u00f3n, ordenador&#8230;) adversos.<\/p>\n<p><strong><span style=\"text-decoration: underline;\">Ingredientes activos<\/span><\/strong><br \/>\n<strong>Escualano<\/strong>: flexibiliza la superficie cut\u00e1nea sin aportar tacto graso. Es emoliente, lubricante\u00a0 y humectante. Con efectos beneficiosos sobre la integridad y funci\u00f3n barrera de la piel<br \/>\n<strong>Aceite de jojoba<\/strong>: buen\u00a0 lubricante que deja sobre la epidermis una pel\u00edcula protectora que previene la deshidrataci\u00f3n<br \/>\n<strong>Manteca de Karit\u00e9<\/strong>: extracto natural de la nuez de Karit\u00e9, de propiedades lubricantes, emolientes y protectoras. Combate la sequedad\u00a0 cut\u00e1nea, suaviza y favorece el confort de la piel.<br \/>\n<strong>Niacinamida<\/strong>: forma de vitamina B3 que interviene como antioxidante en numerosas reacciones del organismo. Contribuye a unificar el tono cut\u00e1neo,\u00a0 combate la piel tirante y \u00e1spera y refuerza su resistencia cut\u00e1nea. Con acci\u00f3n reparadora- restauradora,\u00a0 disminuye el enrojecimiento de la piel y mejora su confort<br \/>\n<strong>Pantenol<\/strong>: substancia recuperadora cut\u00e1nea que participa en la reconstrucci\u00f3n de la barrera natural de la piel. Favorece tambi\u00e9n la\u00a0 hidrataci\u00f3n y humectaci\u00f3n de la epidermis.<br \/>\n<strong>Vitamina E<\/strong>: vitamina multibeneficio con un efecto tanto tratante como preventivo. Presenta principalmente una actividad antioxidante y antiradicales libres. Combate la sequedad y las arrugas. Contribuye al mantenimiento de la elasticidad de la piel. Aten\u00faa la reactividad cut\u00e1nea.<br \/>\n<strong>Goma de Biosac\u00e1ridos<\/strong>: polisac\u00e1rido obtenido por fermentaci\u00f3n. Contribuye a la protecci\u00f3n de la piel frente a los agentes externos. Reduce la reactividad y la falta de confort cut\u00e1neo.<\/p>","protected":false},"excerpt":{"rendered":"<p>Nuevo concepto de mascarilla nocturna que aprovecha la receptividad de la piel durante el descanso para mejorar sus condiciones generales y reforzar su vitalidad. Asegura que nuestra piel \u201cduerme\u201d durante la noche para despertar por la ma\u00f1ana descansada y recuperada. Su textura cremosa as\u00ed como una adecuada combinaci\u00f3n de diferentes tipos de vitaminas contribuye a&nbsp;<a href=\"https:\/\/www.magrina.com\/es\/sleeping-mask\/\" class=\"read-more\">Continue Reading<\/a><\/p>\n","protected":false},"author":3,"featured_media":1401,"comment_status":"closed","ping_status":"closed","sticky":false,"template":"","format":"standard","meta":{"footnotes":""},"categories":[1,15],"tags":[],"class_list":["post-1400","post","type-post","status-publish","format-standard","has-post-thumbnail","hentry","category-np","category-masks","cat-1-id","cat-15-id"],"_links":{"self":[{"href":"https:\/\/www.magrina.com\/es\/wp-json\/wp\/v2\/posts\/1400","targetHints":{"allow":["GET"]}}],"collection":[{"href":"https:\/\/www.magrina.com\/es\/wp-json\/wp\/v2\/posts"}],"about":[{"href":"https:\/\/www.magrina.com\/es\/wp-json\/wp\/v2\/types\/post"}],"author":[{"embeddable":true,"href":"https:\/\/www.magrina.com\/es\/wp-json\/wp\/v2\/users\/3"}],"replies":[{"embeddable":true,"href":"https:\/\/www.magrina.com\/es\/wp-json\/wp\/v2\/comments?post=1400"}],"version-history":[{"count":1,"href":"https:\/\/www.magrina.com\/es\/wp-json\/wp\/v2\/posts\/1400\/revisions"}],"predecessor-version":[{"id":1402,"href":"https:\/\/www.magrina.com\/es\/wp-json\/wp\/v2\/posts\/1400\/revisions\/1402"}],"wp:featuredmedia":[{"embeddable":true,"href":"https:\/\/www.magrina.com\/es\/wp-json\/wp\/v2\/media\/1401"}],"wp:attachment":[{"href":"https:\/\/www.magrina.com\/es\/wp-json\/wp\/v2\/media?parent=1400"}],"wp:term":[{"taxonomy":"category","embeddable":true,"href":"https:\/\/www.magrina.com\/es\/wp-json\/wp\/v2\/categories?post=1400"},{"taxonomy":"post_tag","embeddable":true,"href":"https:\/\/www.magrina.com\/es\/wp-json\/wp\/v2\/tags?post=1400"}],"curies":[{"name":"wp","href":"https:\/\/api.w.org\/{rel}","templated":true}]}}