
{"id":1293,"date":"2015-04-01T07:29:26","date_gmt":"2015-04-01T07:29:26","guid":{"rendered":"http:\/\/www.magrina.com\/?p=1293"},"modified":"2015-04-01T14:36:48","modified_gmt":"2015-04-01T14:36:48","slug":"base-facial-antigravedad-antiflacidez","status":"publish","type":"post","link":"https:\/\/www.magrina.com\/es\/base-facial-antigravedad-antiflacidez\/","title":{"rendered":"BASE FACIAL ANTIGRAVEDAD ANTIFLACIDEZ"},"content":{"rendered":"<p><\/p>\n<p>Base cremosa de r\u00e1pida absorci\u00f3n, especialmente concebida para minimizar el efecto de \u201cdescolgamiento\u201d cut\u00e1neo que se produce con el paso de los a\u00f1os, especialmente en zonas propensas como el cuello, el ment\u00f3n o las mejillas. Incluye activos particularmente\u00a0 reafirmantes que aseguran una piel bien cohesionada, resistente a la distensi\u00f3n, de tono \u00f3ptimo y alta flexibilidad y elasticidad. Se asegura de este modo un tejido cut\u00e1neo m\u00e1s terso y joven, un relieve m\u00e1s homog\u00e9neo y un contorno mejor definido.<\/p>\n<p><strong><span style=\"text-decoration: underline;\">Indicaciones<\/span><\/strong><br \/> Todo tipo de pieles y especialmente las que presentan s\u00edntomas de flacidez, prematura o asociada al envejecimiento cut\u00e1neo.<\/p>\n<p><span style=\"text-decoration: underline;\"><strong>Aplicaci\u00f3n<\/strong><\/span><br \/> Extender sobre cara, escote y cuello, siempre en sentido ascendente, una o dos veces al d\u00eda, en suave masaje hasta su total absorci\u00f3n.<\/p>\n<p><span style=\"text-decoration: underline;\"><strong>Ingredientes activos<\/strong><\/span><br \/> <strong>Derivado de silicio:<\/strong> activo que mejora los mecanismos de defensa de la piel frente a las agresiones externas y el envejecimiento. Hidrata y favorece la integridad cut\u00e1nea; mejora su elasticidad y potencia un aspecto terso y joven. Ejerce un papel reparador, asegurando la conservaci\u00f3n de las condiciones naturales de la piel.<br \/> <strong>Extracto de levadura<\/strong>: constituye una estrategia cosm\u00e9tica antienvejecimiento\u00a0 para la lucha contra la relajaci\u00f3n de los tejidos cut\u00e1neos que se produce con el paso de los a\u00f1os. Mediante el mecanismo de estimulaci\u00f3n de la s\u00edntesis de mol\u00e9culas de anclaje (como los col\u00e1genos IV, VII, integrinas y glicoproteinas) contribuye a reforzar la uni\u00f3n entre la dermis y la epidermis asegurando su integridad , lo que garantiza una\u00a0 buena cohesi\u00f3n cut\u00e1nea y dificulta el descolgamiento caracter\u00edstico de la flacidez. Adem\u00e1s contribuye a incrementar el tono de la piel y suaviza su relieve. Reduce las arrugas.<br \/> <strong>Col\u00e1geno:<\/strong> componente fibroso, de gran resistencia que\u00a0 act\u00faa como una prote\u00edna estructural de la piel y que es, junto con la elastina, responsable de su elasticidad, tono y textura. Ejerce un efecto tensor gracias a su capacidad film\u00f3gena y mejora la protecci\u00f3n cut\u00e1nea frente a los da\u00f1os ocasionados por el medio ambiente. Hidrata y suaviza la piel. Contribuye a reforzar y uniformizar la morfolog\u00eda del relieve cut\u00e1neo.<br \/> <strong>Creatina<\/strong>: amino\u00e1cido presente de forma natural en el organismo y cuyo contenido disminuye con la edad. Juega un importante papel en la activaci\u00f3n del metabolismo energ\u00e9tico de las c\u00e9lulas, comport\u00e1ndose como un agente revitalizante cut\u00e1neo. Hidrata y contribuye a que los sistemas de reparaci\u00f3n y protecci\u00f3n de la piel funcionen correctamente. Ejerce un efecto positivo sobre la producci\u00f3n de col\u00e1geno y elastina.<br \/> <strong>Manteca de Karit\u00e9:<\/strong> extracto natural de la nuez de Karit\u00e9, de propiedades lubricantes, emolientes y protectoras. Combate la sequedad\u00a0 cut\u00e1nea, suaviza y favorece el confort de la piel.<\/p>\n<p><\/p>","protected":false},"excerpt":{"rendered":"<p>Base cremosa de r\u00e1pida absorci\u00f3n, especialmente concebida para minimizar el efecto de \u201cdescolgamiento\u201d cut\u00e1neo que se produce con el paso de los a\u00f1os, especialmente en zonas propensas como el cuello, el ment\u00f3n o las mejillas. Incluye activos particularmente\u00a0 reafirmantes que aseguran una piel bien cohesionada, resistente a la distensi\u00f3n, de tono \u00f3ptimo y alta flexibilidad&nbsp;<a href=\"https:\/\/www.magrina.com\/es\/base-facial-antigravedad-antiflacidez\/\" class=\"read-more\">Continue Reading<\/a><\/p>\n","protected":false},"author":3,"featured_media":1303,"comment_status":"closed","ping_status":"closed","sticky":false,"template":"","format":"standard","meta":{"footnotes":""},"categories":[42],"tags":[],"class_list":["post-1293","post","type-post","status-publish","format-standard","has-post-thumbnail","hentry","category-anti-ageing","cat-42-id"],"_links":{"self":[{"href":"https:\/\/www.magrina.com\/es\/wp-json\/wp\/v2\/posts\/1293","targetHints":{"allow":["GET"]}}],"collection":[{"href":"https:\/\/www.magrina.com\/es\/wp-json\/wp\/v2\/posts"}],"about":[{"href":"https:\/\/www.magrina.com\/es\/wp-json\/wp\/v2\/types\/post"}],"author":[{"embeddable":true,"href":"https:\/\/www.magrina.com\/es\/wp-json\/wp\/v2\/users\/3"}],"replies":[{"embeddable":true,"href":"https:\/\/www.magrina.com\/es\/wp-json\/wp\/v2\/comments?post=1293"}],"version-history":[{"count":4,"href":"https:\/\/www.magrina.com\/es\/wp-json\/wp\/v2\/posts\/1293\/revisions"}],"predecessor-version":[{"id":1296,"href":"https:\/\/www.magrina.com\/es\/wp-json\/wp\/v2\/posts\/1293\/revisions\/1296"}],"wp:featuredmedia":[{"embeddable":true,"href":"https:\/\/www.magrina.com\/es\/wp-json\/wp\/v2\/media\/1303"}],"wp:attachment":[{"href":"https:\/\/www.magrina.com\/es\/wp-json\/wp\/v2\/media?parent=1293"}],"wp:term":[{"taxonomy":"category","embeddable":true,"href":"https:\/\/www.magrina.com\/es\/wp-json\/wp\/v2\/categories?post=1293"},{"taxonomy":"post_tag","embeddable":true,"href":"https:\/\/www.magrina.com\/es\/wp-json\/wp\/v2\/tags?post=1293"}],"curies":[{"name":"wp","href":"https:\/\/api.w.org\/{rel}","templated":true}]}}