
{"id":518,"date":"2010-03-31T18:59:54","date_gmt":"2010-03-31T18:59:54","guid":{"rendered":"http:\/\/demo.solucionesuno.com\/magrina\/?p=518"},"modified":"2013-07-30T07:15:13","modified_gmt":"2013-07-30T07:15:13","slug":"alargador-de-pestanas-eyelash-extension","status":"publish","type":"post","link":"https:\/\/www.magrina.com\/ca\/alargador-de-pestanas-eyelash-extension\/","title":{"rendered":"ALLARGADOR DE PESTANYES"},"content":{"rendered":"<p><\/p>\n<p>\n\t<span style=\"text-decoration: underline; font-weight: bold;\">Descripci\u00f3<\/span>:<br \/>\n\tPrimer cosm\u00e8tic de tractament de les pestanyes, dins de les \u00fatltimes tend\u00e8ncies de la cosmetogen\u00f3mica, la cosm\u00e8tica m\u00e9s innovadora que basa l\u2019activitat dels productes en la seva influ\u00e8ncia sobre l\u2019expressi\u00f3 g\u00e8nica. Es presenta com un gel lleuger i fresc, concebut espec\u00edficament per al creixement de les pestanyes, una part fonamental de la parpella que contribueix a enmarcar la mirada i a donar expressi\u00f3 als ulls.<br \/>\n\tLa seva f\u00f3rmula, altament extensible i film\u00f2gena, evita l\u2019atapa\u00efment i els grumolls.El maquillatge propi de la zona (rimmel, ombres d\u2019ulls&#8230;), la seva neteja, l\u2019exposici\u00f3 solar, l\u2019estr\u00e8s, els canvis estacionals i hormonals&#8230;. fan m\u00e9s fr\u00e0gils les pestanyes, que perden la seva capacitat d\u2019anclatge a la parpella, trencant-se i caient prematurament. Les pestanyes es tornen, per aquest motiu, m\u00e9s fines i escasses.<br \/>\n\tEl nou producte basa la seva acci\u00f3 en la pres\u00e8ncia d\u2019un p\u00e8ptid que allarga i espessa la fibra capil\u2022lar per estimulaci\u00f3 dels gens implicats en la formaci\u00f3 de ceratina.<br \/>\n\tAmb l\u2019aplicaci\u00f3 regular les pestanyes augmenten en longitud i densitat refor\u00e7ant la seva funci\u00f3 defensiva de l&#8217;ull i embellint-ne el seu contorn<\/p>\n<p>\t<span style=\"font-weight: bold; text-decoration: underline;\">Indicacions: <\/span><br \/>\n\tTot tipus de pells<\/p>\n<p>\t<span style=\"font-weight: bold; text-decoration: underline;\">Aplicaci\u00f3:<\/span><br \/>\n\tEs recomana utilitzar de forma constant, una o dues vegades al dia (mat\u00ed i nit) aplicant amb cura una petita quantitat de producte (l\u2019estrictament necess\u00e0ria per a no sobredosificar) sobre l\u2019 arrel del pel, amb el raspallet de l\u2019env\u00e0s, tant sobre les pestanyes superiors com les inferiors.<br \/>\n\tEvitar el contacte directe amb els ulls. Netejar a continuaci\u00f3, delicadament i amb aigua i sab\u00f3, el raspall de l\u2019aplicador. Aclarir-lo i assecar-lo deixant-lo llest per al proper \u00fas.<\/p>\n<p>\t<span style=\"font-weight: bold; text-decoration: underline;\">Ingredients actius:<\/span><br \/>\n\t<span style=\"font-weight: bold;\">P\u00e8ptid allargador de pestanyes:<\/span> actiu d\u2019\u00faltima generaci\u00f3 que potencia el creixement i la fortalesa de les pestanyes, en estimular els gens que participen en la formaci\u00f3 de ceratina, component fonalmental del pel. Els seus estudis d\u2019efic\u00e0cia demostren resultats apreciables despr\u00e9s de dues setmanes d\u2019\u00fas.<br \/>\n\t<span style=\"font-weight: bold;\">Pantenol:<\/span> conegut tamb\u00e9 com a provitamina B5 que es converteix en vitamina B5, un component natural del cabell sa i l\u2019abs\u00e8ncia del qual afavoreix la seva fragilitat, caiguda i trencament. Es fixa f\u00e0cilment sobre la fibra capil\u2022lar on hi aporta un efecte altament humectant, millorant la seva debilitat i sequedat. Contribueix, per tant, a la reconstrucci\u00f3 de la barrera del pel i a la seva reparaci\u00f3.<br \/>\n\t<span style=\"font-weight: bold;\">Glicerina<\/span>: agent humectant que forma una pel\u2022\u00edcula protectora sobre la pell i el cabell, amb una acci\u00f3 complement\u00e0ria de suavitat.\n<\/p>\n<p><\/p>","protected":false},"excerpt":{"rendered":"<p>Descripci\u00f3: Primer cosm\u00e8tic de tractament de les pestanyes, dins de les \u00fatltimes tend\u00e8ncies de la cosmetogen\u00f3mica, la cosm\u00e8tica m\u00e9s innovadora que basa l\u2019activitat dels productes en la seva influ\u00e8ncia sobre l\u2019expressi\u00f3 g\u00e8nica. Es presenta com un gel lleuger i fresc, concebut espec\u00edficament per al creixement de les pestanyes, una part fonamental de la parpella que&nbsp;<a href=\"https:\/\/www.magrina.com\/ca\/alargador-de-pestanas-eyelash-extension\/\" class=\"read-more\">Continue Reading<\/a><\/p>\n","protected":false},"author":3,"featured_media":0,"comment_status":"closed","ping_status":"closed","sticky":false,"template":"","format":"standard","meta":{"footnotes":""},"categories":[34],"tags":[],"class_list":["post-518","post","type-post","status-publish","format-standard","hentry","category-eyes","cat-34-id"],"_links":{"self":[{"href":"https:\/\/www.magrina.com\/ca\/wp-json\/wp\/v2\/posts\/518","targetHints":{"allow":["GET"]}}],"collection":[{"href":"https:\/\/www.magrina.com\/ca\/wp-json\/wp\/v2\/posts"}],"about":[{"href":"https:\/\/www.magrina.com\/ca\/wp-json\/wp\/v2\/types\/post"}],"author":[{"embeddable":true,"href":"https:\/\/www.magrina.com\/ca\/wp-json\/wp\/v2\/users\/3"}],"replies":[{"embeddable":true,"href":"https:\/\/www.magrina.com\/ca\/wp-json\/wp\/v2\/comments?post=518"}],"version-history":[{"count":7,"href":"https:\/\/www.magrina.com\/ca\/wp-json\/wp\/v2\/posts\/518\/revisions"}],"predecessor-version":[{"id":761,"href":"https:\/\/www.magrina.com\/ca\/wp-json\/wp\/v2\/posts\/518\/revisions\/761"}],"wp:attachment":[{"href":"https:\/\/www.magrina.com\/ca\/wp-json\/wp\/v2\/media?parent=518"}],"wp:term":[{"taxonomy":"category","embeddable":true,"href":"https:\/\/www.magrina.com\/ca\/wp-json\/wp\/v2\/categories?post=518"},{"taxonomy":"post_tag","embeddable":true,"href":"https:\/\/www.magrina.com\/ca\/wp-json\/wp\/v2\/tags?post=518"}],"curies":[{"name":"wp","href":"https:\/\/api.w.org\/{rel}","templated":true}]}}