
{"id":496,"date":"2011-01-31T17:27:17","date_gmt":"2011-01-31T17:27:17","guid":{"rendered":"http:\/\/demo.solucionesuno.com\/magrina\/?p=496"},"modified":"2012-08-30T06:10:31","modified_gmt":"2012-08-30T06:10:31","slug":"bruma-micelar","status":"publish","type":"post","link":"https:\/\/www.magrina.com\/ca\/bruma-micelar\/","title":{"rendered":"BROMA MICELLAR"},"content":{"rendered":"<p><\/p>\n<p>\n\t<u><strong>Descripci\u00f3:<\/strong><\/u><br \/>\n\tSoluci\u00f3 netejadora espraiable per a la neteja di\u00e0ria de cara i especialment de les seves zones m\u00e9s vulnerables (contorns ocular i labial) en un sol gest f\u00e0cil i r\u00e0pid. Basa la seva acci\u00f3 en una tecnologia no deslipidant: la formaci\u00f3 de micel\u2022les, unes estructures capaces d\u2019emulsionar qualsevol tipus de mat\u00e8ria grassa (sebum, maquillatge\u2026) present en la superf\u00edcie de la pell.<\/p>\n<p>\tLa gran afinitat cut\u00e0nia dels fosfol\u00edpids que formen part de les micel\u2022les, assegura una correcta neteja i desmaquillat de la pell sense cap efecte irritant.<\/p>\n<p>\tA m\u00e9s, la pres\u00e8ncia d\u2019aquests ingredients deixa sobre l\u2019epidermis un film residual de car\u00e0cter protector que dificulta la seva deshidrataci\u00f3, augmenta la seva frescor i restableix el seu benestar.<\/p>\n<p>\tL\u2019excel\u2022lent toler\u00e0ncia del producte, amb una composici\u00f3 que compleix amb els criteris dels productes naturals, amb un pH fisiol\u00f2gic i amb la pres\u00e8ncia d\u2019actius calmants espec\u00edfics, li confereix un efecte descongestiu suavitzant ideal per a la cura di\u00e0ria d\u2019higiene, segura, amb el m\u00e0xim de respecte per l\u2019equilibri i la flora cutanis.<\/p>\n<p>\t<span style=\"text-decoration: underline; font-weight: bold;\">Ingredients actius:<\/span><br \/>\n\t<span style=\"font-weight: bold;\">Extracte de cot\u00f3:<\/span> ric en carbohidrats i prote\u00efnes, amb acci\u00f3 suavitzant, condicionadora i emol\u2022lient.<br \/>\n\t<span style=\"font-weight: bold;\">Extracte de regal\u00e8ssia: <\/span>de car\u00e0cter descongestiu, actua com a protector cutani en estimular les defenses de la pell<\/p>\n<p>\t<span style=\"font-weight: bold; text-decoration: underline;\">Aplicaci\u00f3<\/span><br \/>\n\tEstendre amb un cot\u00f3 suau sobre la cara, insistint amb delicadesa en contorns d\u2019ulls i llavis. Repetir l\u2019operaci\u00f3 si cal. No necessita esbandit. Deixar assecar o fer-ho suaument amb una tovalloleta.<\/p>\n<p>\t<span style=\"font-weight: bold; text-decoration: underline;\">Indicacions:<\/span><br \/>\n\tPot utilitzar-se com a producte d\u2019higiene o com a substitut del t\u00f2nic en tot tipus de pell i molt especialment per a les m\u00e9s sensibles, fr\u00e0gils i reactives. Molt adient per al delicat epiteli del contorn ocular. Recomanat tamb\u00e9 per al coll i l\u2019escot. <img loading=\"lazy\" decoding=\"async\" border=\"0\" height=\"10\" src=\"http:\/\/www.magrina.com\/img\/pixel.gif\" style=\"MARGIN:0px\" width=\"25\" \/>\n<\/p>\n<p><\/p>","protected":false},"excerpt":{"rendered":"<p>Descripci\u00f3: Soluci\u00f3 netejadora espraiable per a la neteja di\u00e0ria de cara i especialment de les seves zones m\u00e9s vulnerables (contorns ocular i labial) en un sol gest f\u00e0cil i r\u00e0pid. Basa la seva acci\u00f3 en una tecnologia no deslipidant: la formaci\u00f3 de micel\u2022les, unes estructures capaces d\u2019emulsionar qualsevol tipus de mat\u00e8ria grassa (sebum, maquillatge\u2026) present&nbsp;<a href=\"https:\/\/www.magrina.com\/ca\/bruma-micelar\/\" class=\"read-more\">Continue Reading<\/a><\/p>\n","protected":false},"author":3,"featured_media":0,"comment_status":"closed","ping_status":"closed","sticky":false,"template":"","format":"standard","meta":{"footnotes":""},"categories":[8],"tags":[],"class_list":["post-496","post","type-post","status-publish","format-standard","hentry","category-limp","cat-8-id"],"_links":{"self":[{"href":"https:\/\/www.magrina.com\/ca\/wp-json\/wp\/v2\/posts\/496","targetHints":{"allow":["GET"]}}],"collection":[{"href":"https:\/\/www.magrina.com\/ca\/wp-json\/wp\/v2\/posts"}],"about":[{"href":"https:\/\/www.magrina.com\/ca\/wp-json\/wp\/v2\/types\/post"}],"author":[{"embeddable":true,"href":"https:\/\/www.magrina.com\/ca\/wp-json\/wp\/v2\/users\/3"}],"replies":[{"embeddable":true,"href":"https:\/\/www.magrina.com\/ca\/wp-json\/wp\/v2\/comments?post=496"}],"version-history":[{"count":5,"href":"https:\/\/www.magrina.com\/ca\/wp-json\/wp\/v2\/posts\/496\/revisions"}],"predecessor-version":[{"id":922,"href":"https:\/\/www.magrina.com\/ca\/wp-json\/wp\/v2\/posts\/496\/revisions\/922"}],"wp:attachment":[{"href":"https:\/\/www.magrina.com\/ca\/wp-json\/wp\/v2\/media?parent=496"}],"wp:term":[{"taxonomy":"category","embeddable":true,"href":"https:\/\/www.magrina.com\/ca\/wp-json\/wp\/v2\/categories?post=496"},{"taxonomy":"post_tag","embeddable":true,"href":"https:\/\/www.magrina.com\/ca\/wp-json\/wp\/v2\/tags?post=496"}],"curies":[{"name":"wp","href":"https:\/\/api.w.org\/{rel}","templated":true}]}}