
{"id":492,"date":"2011-03-31T16:55:58","date_gmt":"2011-03-31T16:55:58","guid":{"rendered":"http:\/\/demo.solucionesuno.com\/magrina\/?p=492"},"modified":"2012-08-30T06:09:27","modified_gmt":"2012-08-30T06:09:27","slug":"elixir-energizante","status":"publish","type":"post","link":"https:\/\/www.magrina.com\/ca\/elixir-energizante\/","title":{"rendered":"ELIXIR ENERGITZANT"},"content":{"rendered":"<p><\/p>\n<p>\n\t<span style=\"font-weight: bold; text-decoration: underline;\">Descripci\u00f3:<\/span><br \/>\n\tS\u00e8rum crem\u00f3s i lleuger, de r\u00e0pida absorci\u00f3 i textura confortable, formulat a base d\u2019un innovador emulsionant natural, una soluci\u00f3 robusta i verda (PEG-free i biodegradable) que s\u2019ajusta a les \u00faltimes tend\u00e8ncies de productes \u201cm\u00e9s naturals\u201d i respectuosos amb el medi ambient.<br \/>\n\tConcebut per al tractament de l\u2019envelliment cutani, repara espec\u00edficament les alteracions cut\u00e0nies derivades dels factors m\u00e9s rellevants: radiaci\u00f3 ultraviolada, estr\u00e8s i contaminaci\u00f3, mantenint la fisiologia cut\u00e0nia en les seves condicions \u00f2ptimes.<br \/>\n\tConstitueix un factor de reactivaci\u00f3 de les funcions de la pell, una font d\u2019energia que actua com a restaurador de la seva joventut. Estimula el metabolisme cutani i la regeneraci\u00f3 cel\u2022lular: promou la s\u00edntesi de prote\u00efnes (col\u2022lagen, filagrina, fibronectina\u2026) i afavoreix el correcte manteniment de les seves estructures. Exerceix un potent efecte protector i reparador de l\u2019ADN cel\u2022lular.<br \/>\n\tSuavitza les arrugues. Tonifica i desperta la pell, aporta fermesa i lluminositat<\/p>\n<p>\t<span style=\"font-weight: bold; text-decoration: underline;\">Ingredients actius:<\/span><br \/>\n\t<span style=\"font-weight: bold;\">Extracte d\u2019Artemia salina:<\/span> extracte de pl\u00e0ncton els ous del qual s\u00f3n capa\u00e7os de suportar llargs per\u00edodes en condicions molt adverses. Ric en tetrafosfat de diguanosina (precursor de l\u2019ATP), el reservori energ\u00e8tic propi per a reiniciar el seu metabolisme en condicions m\u00e9s favorables. Constitueix en la pell una font d\u2019energia que la protegeix davant les agressions mediambientals i refor\u00e7a el seu sistema de defensa. Millora tamb\u00e9 la cohesi\u00f3 del teixit cutani, el seu manteniment i reparaci\u00f3. Incrementa la s\u00edntesi de les Heat Shock Proteins (Prote\u00efnes de shock t\u00e8rmic) que protegeixen les c\u00e8l\u2022lules de l\u2019estr\u00e8s t\u00e8rmic i oxidatiu en dificultar la p\u00e8rdua d\u2019estructura de les prote\u00efnes<br \/>\n\t<span style=\"font-weight: bold;\">Extracte de roure:<\/span> protector cel\u2022lular, ric en fenols obtinguts de l\u2019escor\u00e7a de l\u2019arbre. Amb efecte antiradicals, combat l\u2019envelliment i les arrugues. Constitueix un factor de protecci\u00f3 davant els efectes negatius mediambientals, especialment la radiaci\u00f3 ultraviolada i la pol\u2022luci\u00f3. Flexibilitza la pell, millorant-ne la seva suavitat<br \/>\n\t<span style=\"font-weight: bold;\">Aquaporines de mangrana:<\/span>\u00a0 actiu cosm\u00e8tic hidratant que restaura la circulaci\u00f3 d\u2019aigua a la pell, augmentant els Canals aquosos de l\u2019epidermis. Optimitza la comunicaci\u00f3 cel\u2022lular i estimula la s\u00edntesi de col\u2022lagen, dificultant-ne tamb\u00e9 la seva degradaci\u00f3<br \/>\n\t<br style=\"font-weight: bold; text-decoration: underline;\" \/><br \/>\n\t<span style=\"font-weight: bold; text-decoration: underline;\">Aplicaci\u00f3:<\/span><br \/>\n\tEstendre di\u00e0riament, una o dues vegades, fent massatge suau sobre la cara i el coll fins a la seva total absorci\u00f3<\/p>\n<p>\t<span style=\"font-weight: bold; text-decoration: underline;\">Indicacions:<\/span><br \/>\n\tTot tipus de pells i molt especialment les m\u00e9s fr\u00e0gils, fl\u00e0ccides, \u00e0tones o desvitalitzades\n<\/p>\n<p><\/p>","protected":false},"excerpt":{"rendered":"<p>Descripci\u00f3: S\u00e8rum crem\u00f3s i lleuger, de r\u00e0pida absorci\u00f3 i textura confortable, formulat a base d\u2019un innovador emulsionant natural, una soluci\u00f3 robusta i verda (PEG-free i biodegradable) que s\u2019ajusta a les \u00faltimes tend\u00e8ncies de productes \u201cm\u00e9s naturals\u201d i respectuosos amb el medi ambient. Concebut per al tractament de l\u2019envelliment cutani, repara espec\u00edficament les alteracions cut\u00e0nies derivades&nbsp;<a href=\"https:\/\/www.magrina.com\/ca\/elixir-energizante\/\" class=\"read-more\">Continue Reading<\/a><\/p>\n","protected":false},"author":3,"featured_media":0,"comment_status":"closed","ping_status":"closed","sticky":false,"template":"","format":"standard","meta":{"footnotes":""},"categories":[7],"tags":[],"class_list":["post-492","post","type-post","status-publish","format-standard","hentry","category-pf","cat-7-id"],"_links":{"self":[{"href":"https:\/\/www.magrina.com\/ca\/wp-json\/wp\/v2\/posts\/492","targetHints":{"allow":["GET"]}}],"collection":[{"href":"https:\/\/www.magrina.com\/ca\/wp-json\/wp\/v2\/posts"}],"about":[{"href":"https:\/\/www.magrina.com\/ca\/wp-json\/wp\/v2\/types\/post"}],"author":[{"embeddable":true,"href":"https:\/\/www.magrina.com\/ca\/wp-json\/wp\/v2\/users\/3"}],"replies":[{"embeddable":true,"href":"https:\/\/www.magrina.com\/ca\/wp-json\/wp\/v2\/comments?post=492"}],"version-history":[{"count":5,"href":"https:\/\/www.magrina.com\/ca\/wp-json\/wp\/v2\/posts\/492\/revisions"}],"predecessor-version":[{"id":920,"href":"https:\/\/www.magrina.com\/ca\/wp-json\/wp\/v2\/posts\/492\/revisions\/920"}],"wp:attachment":[{"href":"https:\/\/www.magrina.com\/ca\/wp-json\/wp\/v2\/media?parent=492"}],"wp:term":[{"taxonomy":"category","embeddable":true,"href":"https:\/\/www.magrina.com\/ca\/wp-json\/wp\/v2\/categories?post=492"},{"taxonomy":"post_tag","embeddable":true,"href":"https:\/\/www.magrina.com\/ca\/wp-json\/wp\/v2\/tags?post=492"}],"curies":[{"name":"wp","href":"https:\/\/api.w.org\/{rel}","templated":true}]}}