
{"id":1687,"date":"2021-01-29T08:14:10","date_gmt":"2021-01-29T08:14:10","guid":{"rendered":"https:\/\/www.magrina.com\/?p=1687"},"modified":"2021-01-29T08:28:16","modified_gmt":"2021-01-29T08:28:16","slug":"suero-reparador-post-mask","status":"publish","type":"post","link":"https:\/\/www.magrina.com\/ca\/suero-reparador-post-mask\/","title":{"rendered":"S\u00c8RUM REPARADOR POST-MASK"},"content":{"rendered":"<p>S\u00e8rum reparador especialment formulat per recuperar la pell dels efectes negatius derivats de l&#8217;\u00fas continuat de la mascareta. L&#8217;escassa ventilaci\u00f3, l&#8217;acumulaci\u00f3 de secreci\u00f3 seb\u00e0cia i suor i l&#8217;ambient humit i c\u00e0lid juntament amb els efectes de la fricci\u00f3 f\u00edsica, afavoreixen l&#8217;aparici\u00f3 d&#8217;impureses cut\u00e0nies, l&#8217;envermelliment de la pell, la p\u00e8rdua de la seva vitalitat i la manca global de confort a la zona coberta per la mascareta.<br \/>\nGr\u00e0cies a l&#8217;acurada selecci\u00f3 dels seus actius, promou l&#8217;equilibri del microbioma cutani, garant del seu ecosistema, el que assegura la normalitat fisiol\u00f2gica de la pell. Hidrata, revitalitza i calma la pell despr\u00e9s de l&#8217;\u00fas de la mascareta i en promou la seva protecci\u00f3 i resist\u00e8ncia durant la seva utilitzaci\u00f3.<\/p>\n<p><span style=\"text-decoration: underline;\"><strong>Indicaci\u00f3<\/strong><\/span><br \/>\nTot tipus de pells. Homes i dones.<\/p>\n<p><span style=\"text-decoration: underline;\"><strong>Aplicaci\u00f3<\/strong><\/span><br \/>\nAplicar preferentment a la nit. Pot utilitzar-se tamb\u00e9 durant el dia, despr\u00e9s d&#8217;una correcta neteja de la pell.<\/p>\n<p><span style=\"text-decoration: underline;\"><strong>Ingredients actius<\/strong><\/span><br \/>\n<strong>Complex sin\u00e8rgic d&#8217;extractes lipof\u00edlics de manuka, pebre negre i magn\u00f2lia:<\/strong>\u00a0actua com un equilibrant natural entre la pell i la seva microbiota, especialment en situacions dif\u00edcils, com en l&#8217;\u00fas continuat de la mascareta. Assegura una millor higiene cut\u00e0nia i redueix la congesti\u00f3 derivada del seu \u00fas. Disminueix la producci\u00f3 de s\u00e8u i de les impureses derivades.<br \/>\n<strong>Vitamina F<\/strong>: condicionador i revitalitzant cutani. \u00c9s rica en \u00e0cids grassos essencials de l&#8217;oli de c\u00e0rtam, amb un elevat contingut en \u00e0cid linoleic, un component fonamental de les ceramides naturals de la pell. Ajuda a restaurar la barrera lip\u00eddica de l&#8217;estrat corni i al manteniment de l&#8217;estructura natural de la pell i la seva funcionalitat. Combat la sequedat i la descamaci\u00f3 en evitar la p\u00e8rdua transepid\u00e8rmica d&#8217;aigua (TEWL). Millora la suavitat de la pell i en redueix les vermellors. Constitueix un factor de nutrici\u00f3 i protecci\u00f3 davant les agressions externes<br \/>\n<strong>Niacinamida:<\/strong> forma de vitamina B3 que contribueix a recuperar el to cutani i a millorar la seva elasticitat i resist\u00e8ncia. Redueix la sensibilitat de la pell i promou la seva correcta hidrataci\u00f3.<br \/>\n<strong>Goma de biosac\u00e0rids<\/strong>: amb acci\u00f3 hidratant a curt i llarg termini. Afavoreix la renovaci\u00f3 de la pell, combat l&#8217;envelliment i aporta un efecte calmant i suavitzant per a un major confort cutani.<\/p>","protected":false},"excerpt":{"rendered":"<p>S\u00e8rum reparador especialment formulat per recuperar la pell dels efectes negatius derivats de l&#8217;\u00fas continuat de la mascareta. L&#8217;escassa ventilaci\u00f3, l&#8217;acumulaci\u00f3 de secreci\u00f3 seb\u00e0cia i suor i l&#8217;ambient humit i c\u00e0lid juntament amb els efectes de la fricci\u00f3 f\u00edsica, afavoreixen l&#8217;aparici\u00f3 d&#8217;impureses cut\u00e0nies, l&#8217;envermelliment de la pell, la p\u00e8rdua de la seva vitalitat i la&nbsp;<a href=\"https:\/\/www.magrina.com\/ca\/suero-reparador-post-mask\/\" class=\"read-more\">Continue Reading<\/a><\/p>\n","protected":false},"author":3,"featured_media":1690,"comment_status":"closed","ping_status":"closed","sticky":false,"template":"","format":"standard","meta":{"footnotes":""},"categories":[1,7,57,9,37,12,60,13,43],"tags":[],"class_list":["post-1687","post","type-post","status-publish","format-standard","has-post-thumbnail","hentry","category-np","category-pf","category-mens-cosmetics","category-wedo","category-acne","category-hid","category-facial-treatment-cream","category-cremas-nutritivas","category-serum-facial","cat-1-id","cat-7-id","cat-57-id","cat-9-id","cat-37-id","cat-12-id","cat-60-id","cat-13-id","cat-43-id"],"_links":{"self":[{"href":"https:\/\/www.magrina.com\/ca\/wp-json\/wp\/v2\/posts\/1687","targetHints":{"allow":["GET"]}}],"collection":[{"href":"https:\/\/www.magrina.com\/ca\/wp-json\/wp\/v2\/posts"}],"about":[{"href":"https:\/\/www.magrina.com\/ca\/wp-json\/wp\/v2\/types\/post"}],"author":[{"embeddable":true,"href":"https:\/\/www.magrina.com\/ca\/wp-json\/wp\/v2\/users\/3"}],"replies":[{"embeddable":true,"href":"https:\/\/www.magrina.com\/ca\/wp-json\/wp\/v2\/comments?post=1687"}],"version-history":[{"count":2,"href":"https:\/\/www.magrina.com\/ca\/wp-json\/wp\/v2\/posts\/1687\/revisions"}],"predecessor-version":[{"id":1689,"href":"https:\/\/www.magrina.com\/ca\/wp-json\/wp\/v2\/posts\/1687\/revisions\/1689"}],"wp:featuredmedia":[{"embeddable":true,"href":"https:\/\/www.magrina.com\/ca\/wp-json\/wp\/v2\/media\/1690"}],"wp:attachment":[{"href":"https:\/\/www.magrina.com\/ca\/wp-json\/wp\/v2\/media?parent=1687"}],"wp:term":[{"taxonomy":"category","embeddable":true,"href":"https:\/\/www.magrina.com\/ca\/wp-json\/wp\/v2\/categories?post=1687"},{"taxonomy":"post_tag","embeddable":true,"href":"https:\/\/www.magrina.com\/ca\/wp-json\/wp\/v2\/tags?post=1687"}],"curies":[{"name":"wp","href":"https:\/\/api.w.org\/{rel}","templated":true}]}}