
{"id":1547,"date":"2019-01-24T11:36:30","date_gmt":"2019-01-24T11:36:30","guid":{"rendered":"https:\/\/www.magrina.com\/?p=1547"},"modified":"2019-01-29T13:21:27","modified_gmt":"2019-01-29T13:21:27","slug":"crema-de-dia-proteccion-luz-azul-360o","status":"publish","type":"post","link":"https:\/\/www.magrina.com\/ca\/crema-de-dia-proteccion-luz-azul-360o\/","title":{"rendered":"CREMA DE DIA PROTECCI\u00d3N LUZ AZUL 360\u00ba"},"content":{"rendered":"<p>Crema protectora, formulada com a base di\u00e0ria per a la protecci\u00f3 cut\u00e0nia enfront de la llum blava o visible, tant l&#8217;artificial, que procedeix de tot tipus de dispositius electr\u00f2nics utilitzats di\u00e0riament (tel\u00e8fons m\u00f2bils, pantalles d&#8217;ordinador, tauletes, il\u00b7luminaci\u00f3 tipus led etc.) com la solar, on participa en la regulaci\u00f3 hormonal i en els ritmes de vig\u00edlia-son del nostre organisme.<br \/>La llum blava, tot i ser menys penetrant que la ultraviolada, \u00e9s responsable de l&#8217;anomenat envelliment digital que es manifesta en forma d&#8217;arrugues, flacciditat, taques o congesti\u00f3.<br \/>L&#8217;anomenada protecci\u00f3 360\u00ba implica la cobertura de defensa dels diferents tipus de radiaci\u00f3 a que estem exposats (ultraviolada, infraroja i blau o visible), de manera que constitueix un producte de protecci\u00f3 integral per garantir una pell forta i resistent davant els efectes perjudicials de l&#8217;entorn, als quals la sotmetem di\u00e0riament.<\/p>\r\n<p><span style=\"text-decoration: underline;\"><strong>Indicaci\u00f3<\/strong><\/span><br \/>Tot tipus de pells i molt especialment a partir dels 35 anys.<\/p>\r\n<p><strong><span style=\"text-decoration: underline;\">Aplicaci\u00f3<\/span><\/strong><br \/>Aplicar com a base di\u00e0ria, preferentment al mat\u00ed realitzant un suau massatge sobre cara, coll i escot fins a la seva total absorci\u00f3.<\/p>\r\n<p><strong><span style=\"text-decoration: underline;\">Ingredients actius<\/span><\/strong><br \/><strong>C\u00e8l\u00b7lules mare de cot\u00f3 d&#8217;Ar\u00e0bia<\/strong>: protector natural de car\u00e0cter global o d&#8217;ampli espectre davant la radiaci\u00f3 solar (ultraviolada, visible i infraroja). Minimitza els seus efectes perjudicials sobre la pell, particularment el fotoenvelliment. Refor\u00e7a la viabilitat de les c\u00e8l\u00b7lules cut\u00e0nies sotmeses a l&#8217;agressi\u00f3 solar. Presenta un car\u00e0cter multifuncional: fotoprotector, antioxidant, calmant, descongestiu i reparador.<br \/><strong>Esqual\u00e0<\/strong>: flexibilitza la superf\u00edcie cut\u00e0nia sense aportar tacte gras. \u00c9s emol\u00b7lient, lubricant i humectant. Amb efectes beneficiosos sobre la integritat i funci\u00f3 barrera de la pell<br \/><strong>Glicerina<\/strong>: subst\u00e0ncia humectant que forma una pel\u00b7l\u00edcula protectora sobre la pell, amb una acci\u00f3 suavitzant.<br \/><strong>Derivat beta\u00efna<\/strong>: agent hidratant que recupera, tant de forma immediata com a llarg termini, la sequedat de la pell. Controla l&#8217;equilibri h\u00eddric de les c\u00e8l\u00b7lules cut\u00e0nies, refor\u00e7ant la seva protecci\u00f3 davant les agressions externes. A m\u00e9s, refor\u00e7a l&#8217;elasticitat i integritat de la pell.<\/p>","protected":false},"excerpt":{"rendered":"<p>Crema protectora, formulada com a base di\u00e0ria per a la protecci\u00f3 cut\u00e0nia enfront de la llum blava o visible, tant l&#8217;artificial, que procedeix de tot tipus de dispositius electr\u00f2nics utilitzats di\u00e0riament (tel\u00e8fons m\u00f2bils, pantalles d&#8217;ordinador, tauletes, il\u00b7luminaci\u00f3 tipus led etc.) com la solar, on participa en la regulaci\u00f3 hormonal i en els ritmes de vig\u00edlia-son&nbsp;<a href=\"https:\/\/www.magrina.com\/ca\/crema-de-dia-proteccion-luz-azul-360o\/\" class=\"read-more\">Continue Reading<\/a><\/p>\n","protected":false},"author":3,"featured_media":1554,"comment_status":"closed","ping_status":"closed","sticky":false,"template":"","format":"standard","meta":{"footnotes":""},"categories":[1,42],"tags":[],"class_list":["post-1547","post","type-post","status-publish","format-standard","has-post-thumbnail","hentry","category-np","category-anti-ageing","cat-1-id","cat-42-id"],"_links":{"self":[{"href":"https:\/\/www.magrina.com\/ca\/wp-json\/wp\/v2\/posts\/1547","targetHints":{"allow":["GET"]}}],"collection":[{"href":"https:\/\/www.magrina.com\/ca\/wp-json\/wp\/v2\/posts"}],"about":[{"href":"https:\/\/www.magrina.com\/ca\/wp-json\/wp\/v2\/types\/post"}],"author":[{"embeddable":true,"href":"https:\/\/www.magrina.com\/ca\/wp-json\/wp\/v2\/users\/3"}],"replies":[{"embeddable":true,"href":"https:\/\/www.magrina.com\/ca\/wp-json\/wp\/v2\/comments?post=1547"}],"version-history":[{"count":3,"href":"https:\/\/www.magrina.com\/ca\/wp-json\/wp\/v2\/posts\/1547\/revisions"}],"predecessor-version":[{"id":1556,"href":"https:\/\/www.magrina.com\/ca\/wp-json\/wp\/v2\/posts\/1547\/revisions\/1556"}],"wp:featuredmedia":[{"embeddable":true,"href":"https:\/\/www.magrina.com\/ca\/wp-json\/wp\/v2\/media\/1554"}],"wp:attachment":[{"href":"https:\/\/www.magrina.com\/ca\/wp-json\/wp\/v2\/media?parent=1547"}],"wp:term":[{"taxonomy":"category","embeddable":true,"href":"https:\/\/www.magrina.com\/ca\/wp-json\/wp\/v2\/categories?post=1547"},{"taxonomy":"post_tag","embeddable":true,"href":"https:\/\/www.magrina.com\/ca\/wp-json\/wp\/v2\/tags?post=1547"}],"curies":[{"name":"wp","href":"https:\/\/api.w.org\/{rel}","templated":true}]}}