
{"id":1539,"date":"2018-10-30T16:02:02","date_gmt":"2018-10-30T16:02:02","guid":{"rendered":"https:\/\/www.magrina.com\/?p=1539"},"modified":"2018-10-31T09:06:55","modified_gmt":"2018-10-31T09:06:55","slug":"gel-micelar-pieles-jovenes-equilibrante-microbioma","status":"publish","type":"post","link":"https:\/\/www.magrina.com\/ca\/gel-micelar-pieles-jovenes-equilibrante-microbioma\/","title":{"rendered":"GEL BASE PELLS JOVES, equilibrant microbioma"},"content":{"rendered":"<p>Base facial formulada espec\u00edficament per a la\u00a0protecci\u00f3 de la pell facial jove. Contribueix a recuperar l&#8217;equilibri del microbioma en aquest tipus de pells, alterat amb freq\u00fc\u00e8ncia i que es reflecteix en una pell apagada, irregular i amb impureses.<br \/>\nActua com una barrera de defensa davant de l&#8217;entorn:<br \/>\n&#8211; des d&#8217;un efecte pr\u00f2piament f\u00edsic, mitjan\u00e7ant la formaci\u00f3 d&#8217;una pel\u00b7l\u00edcula protectora sobre la pell<br \/>\n&#8211; des d&#8217;un efecte biol\u00f2gic, gr\u00e0cies als seus ingredients actius, garantia de l&#8217;equilibri del microbioma cutani.<br \/>\nAix\u00ed, a trav\u00e9s del correcte manteniment de la flora de la pell, es garanteix la seva hidrataci\u00f3, nutrici\u00f3 i fortalesa.<\/p>\n<p><span style=\"text-decoration: underline;\"><strong>Indicaci\u00f3<\/strong><\/span><br \/>\nPells adolescents, pells joves.<\/p>\n<p><strong><span style=\"text-decoration: underline;\">Aplicaci\u00f3<\/span><\/strong><br \/>\nAplicar com a base di\u00e0ria, preferentment al mat\u00ed realitzant un suau massatge sobre cara, coll i escot fins a la seva total absorci\u00f3.<\/p>\n<p><strong><span style=\"text-decoration: underline;\">Ingredients actius<\/span><\/strong><\/p>\n<p><strong>Alfa-glucooligosac\u00e1ridos<\/strong>: prebi\u00f2tic que millora la complexi\u00f3 de la pell i refor\u00e7a les seves defenses (activa les &#8220;defensines&#8221;, les prote\u00efnes que potencien la immunitat cut\u00e0nia). Contribueix al manteniment de l&#8217;ecologia cut\u00e0nia (ecoflora) i assegura l&#8217;equilibri de la pell, afavorint la seva lluminositat i el seu confort. Redueix els s\u00edmptomes de reactivitat cut\u00e0nia.<\/p>\n<p><strong>Complex de ramnosa<\/strong>: (polisac\u00e0rid o sucre) de car\u00e0cter humectant i filmogen que genera una pel\u00b7l\u00edcula protectora sobre la pell contribuint a la seva suavitat i protecci\u00f3. El recobriment que origina sobre la pell, tipus &#8220;Teflon&#x2122;&#8221; inhibeix l&#8217;adhesi\u00f3 de bacteris indesitjables sobre la seva superf\u00edcie. La seva riquesa en ramnosa, sucre involucrat en la comunicaci\u00f3 cel\u00b7lular, confereix la capacitat de modular la resposta inflamat\u00f2ria en cas d&#8217;agressi\u00f3 a la pell.<\/p>\n<p><strong>Derivat d&#8217;arrel de bardana<\/strong>: actua com un agent equilibrant de la microbiota cut\u00e0nia alhora que assegura la preservaci\u00f3 de la seva integritat i diversitat. Contribueix a refor\u00e7ar la cohesi\u00f3 i resist\u00e8ncia de l&#8217;epidermis, incrementant la seva funci\u00f3 barrera i toler\u00e0ncia front a l&#8217;estr\u00e8s. Amb efecte suavitzant i hidratant i acabat confort de llarga durada.<\/p>","protected":false},"excerpt":{"rendered":"<p>Base facial formulada espec\u00edficament per a la\u00a0protecci\u00f3 de la pell facial jove. Contribueix a recuperar l&#8217;equilibri del microbioma en aquest tipus de pells, alterat amb freq\u00fc\u00e8ncia i que es reflecteix en una pell apagada, irregular i amb impureses. Actua com una barrera de defensa davant de l&#8217;entorn: &#8211; des d&#8217;un efecte pr\u00f2piament f\u00edsic, mitjan\u00e7ant la&nbsp;<a href=\"https:\/\/www.magrina.com\/ca\/gel-micelar-pieles-jovenes-equilibrante-microbioma\/\" class=\"read-more\">Continue Reading<\/a><\/p>\n","protected":false},"author":3,"featured_media":1541,"comment_status":"closed","ping_status":"closed","sticky":false,"template":"","format":"standard","meta":{"footnotes":""},"categories":[7,32,37,12,38],"tags":[],"class_list":["post-1539","post","type-post","status-publish","format-standard","has-post-thumbnail","hentry","category-pf","category-spec-treat","category-acne","category-hid","category-oily-skins","cat-7-id","cat-32-id","cat-37-id","cat-12-id","cat-38-id"],"_links":{"self":[{"href":"https:\/\/www.magrina.com\/ca\/wp-json\/wp\/v2\/posts\/1539","targetHints":{"allow":["GET"]}}],"collection":[{"href":"https:\/\/www.magrina.com\/ca\/wp-json\/wp\/v2\/posts"}],"about":[{"href":"https:\/\/www.magrina.com\/ca\/wp-json\/wp\/v2\/types\/post"}],"author":[{"embeddable":true,"href":"https:\/\/www.magrina.com\/ca\/wp-json\/wp\/v2\/users\/3"}],"replies":[{"embeddable":true,"href":"https:\/\/www.magrina.com\/ca\/wp-json\/wp\/v2\/comments?post=1539"}],"version-history":[{"count":2,"href":"https:\/\/www.magrina.com\/ca\/wp-json\/wp\/v2\/posts\/1539\/revisions"}],"predecessor-version":[{"id":1542,"href":"https:\/\/www.magrina.com\/ca\/wp-json\/wp\/v2\/posts\/1539\/revisions\/1542"}],"wp:featuredmedia":[{"embeddable":true,"href":"https:\/\/www.magrina.com\/ca\/wp-json\/wp\/v2\/media\/1541"}],"wp:attachment":[{"href":"https:\/\/www.magrina.com\/ca\/wp-json\/wp\/v2\/media?parent=1539"}],"wp:term":[{"taxonomy":"category","embeddable":true,"href":"https:\/\/www.magrina.com\/ca\/wp-json\/wp\/v2\/categories?post=1539"},{"taxonomy":"post_tag","embeddable":true,"href":"https:\/\/www.magrina.com\/ca\/wp-json\/wp\/v2\/tags?post=1539"}],"curies":[{"name":"wp","href":"https:\/\/api.w.org\/{rel}","templated":true}]}}