
{"id":1528,"date":"2018-06-06T08:18:50","date_gmt":"2018-06-06T08:18:50","guid":{"rendered":"https:\/\/www.magrina.com\/?p=1528"},"modified":"2018-06-06T08:22:14","modified_gmt":"2018-06-06T08:22:14","slug":"pre-probiotic-protective-foundation","status":"publish","type":"post","link":"https:\/\/www.magrina.com\/ca\/pre-probiotic-protective-foundation\/","title":{"rendered":"BASE PROTECTORA PRE &#038; PROBI\u00d2TICA"},"content":{"rendered":"<p>Base facial formulada espec\u00edficament per a la cura protectora de la pell facial. Actua com una barrera de defensa enfront de l&#8217;entorn, tant des d&#8217;un efecte pr\u00f2piament f\u00edsic, mitjan\u00e7ant la formaci\u00f3 d&#8217;una pel\u00b7l\u00edcula protectora sobre la pell, com des d&#8217;un efecte biol\u00f2gic, gr\u00e0cies als seus ingredients actius, garantia de l\u2019equilibri del microbioma cutani, el conjunt de g\u00e8rmens que constitueixen la flora de la pell i que s\u00f3n responsables, en gran part, de la seva hidrataci\u00f3, nutrici\u00f3 i fortalesa. Millora l&#8217;aspecte i el tacte cutani.<\/p>\n<p><span style=\"text-decoration: underline;\"><strong>Indicaci\u00f3<\/strong><\/span><br \/>\nTot tipus de pells.<\/p>\n<p><span style=\"text-decoration: underline;\"><strong>Aplicaci\u00f3<\/strong><\/span><br \/>\nAplicar com base di\u00e0ria, preferentment per la ma\u00f1ana realitzant un massatge suau sobre la cara, coll i escot fins a la seva total absorci\u00f3.<\/p>\n<p><span style=\"text-decoration: underline;\"><strong>Ingredients actius<\/strong><\/span><br \/>\n<strong>Alfa-glucooligosac\u00e1ridos<\/strong>: pre i probi\u00f2tic que millora la complexi\u00f3 de la pell i refor\u00e7a les seves defenses (activa les &#8220;defensines&#8221;, les prote\u00efnes que potencien la immunitat cut\u00e0nia ). Contribueix al manteniment de l&#8217;ecologia cut\u00e0nia (ecoflora) i assegura l&#8217;equilibri de la pell, afavorint la seva lluminositat i el seu confort. Redueix els s\u00edmptomes de reactivitat cut\u00e0nia.<\/p>\n<p><strong>Complex de ramnosa (polisac\u00e0rid o sucre):<\/strong> de car\u00e0cter humectant i filmogen que genera una pel\u00b7l\u00edcula protectora sobre la pell contribuint a la seva suavitat i protecci\u00f3. El recobriment que s&#8217;origina sobre la pell, tipus &#8220;Teflon&#x2122;&#8221; inhibeix l&#8217;adhesi\u00f3 de bacteris indesitjables sobre la seva superf\u00edcie. La seva riquesa en ramnosa, sucre involucrat en la comunicaci\u00f3 cel\u00b7lular, confereix la capacitat de modular la inflamaci\u00f3 resposta en cas d&#8217;agressi\u00f3 a la pell.<\/p>\n<p><strong>Escual\u00e8:<\/strong> obtingut a partir de l&#8217;oliva d&#8217;oliva, \u00e9s un ingredient poc estricte que flexibilitza la superf\u00edcie cut\u00e0nia sense aportar tacte gras. \u00c9s un component natural del s\u00e8u hum\u00e0 amb una alta resist\u00e8ncia a l&#8217;oxidaci\u00f3. Emol\u00b7lient, lubricant i humectant. Deixa sobre la pell una pel\u00b7l\u00edcula hidro-lip\u00eddica amb efectes beneficiosos sobre la seva integritat i funci\u00f3 barrera. Nutrient i reparador<\/p>\n<p><strong>Vitamina F:<\/strong> condicionador i revitalitzant cutani. \u00c9s rica en \u00e0cids grassos essencials poliinsaturats de l\u2019oli de c\u00e0rtam, amb un elevat contingut en \u00e0cid linoleic, un component fonamental de les ceramides naturals de la pell. Ajuda a restaurar la barrera lip\u00eddica de l&#8217;estrat corni i al manteniment de l&#8217;estructura natural de la pell i la seva funcionalitat. Combat la sequedat i la descamaci\u00f3 en evitar la p\u00e8rdua transepid\u00e8rmica d&#8217;aigua (TEWL). Millora la suavitat de la pell i en redueix les vermellors. Constitueix un factor de nutrici\u00f3 i protecci\u00f3 davant les agressions externes.<\/p>\n<p><strong>Vitamina E:<\/strong> agent amb activitat antioxidant i antiradicals lliures que combat les arrugues i l&#8217;envelliment cutani prematur. Presenta tamb\u00e9 una acci\u00f3 hidratant i un poder recuperador de l&#8217;elasticitat de la pell. Potencia els seus mecanismes naturals de defensa. Contribueix a la recuperaci\u00f3 de la normalitat fisiol\u00f2gica cut\u00e0nia.<\/p>","protected":false},"excerpt":{"rendered":"<p>Base facial formulada espec\u00edficament per a la cura protectora de la pell facial. Actua com una barrera de defensa enfront de l&#8217;entorn, tant des d&#8217;un efecte pr\u00f2piament f\u00edsic, mitjan\u00e7ant la formaci\u00f3 d&#8217;una pel\u00b7l\u00edcula protectora sobre la pell, com des d&#8217;un efecte biol\u00f2gic, gr\u00e0cies als seus ingredients actius, garantia de l\u2019equilibri del microbioma cutani, el conjunt&nbsp;<a href=\"https:\/\/www.magrina.com\/ca\/pre-probiotic-protective-foundation\/\" class=\"read-more\">Continue Reading<\/a><\/p>\n","protected":false},"author":3,"featured_media":1530,"comment_status":"closed","ping_status":"closed","sticky":false,"template":"","format":"standard","meta":{"footnotes":""},"categories":[32,41,42],"tags":[],"class_list":["post-1528","post","type-post","status-publish","format-standard","has-post-thumbnail","hentry","category-spec-treat","category-anti-wrinkle","category-anti-ageing","cat-32-id","cat-41-id","cat-42-id"],"_links":{"self":[{"href":"https:\/\/www.magrina.com\/ca\/wp-json\/wp\/v2\/posts\/1528","targetHints":{"allow":["GET"]}}],"collection":[{"href":"https:\/\/www.magrina.com\/ca\/wp-json\/wp\/v2\/posts"}],"about":[{"href":"https:\/\/www.magrina.com\/ca\/wp-json\/wp\/v2\/types\/post"}],"author":[{"embeddable":true,"href":"https:\/\/www.magrina.com\/ca\/wp-json\/wp\/v2\/users\/3"}],"replies":[{"embeddable":true,"href":"https:\/\/www.magrina.com\/ca\/wp-json\/wp\/v2\/comments?post=1528"}],"version-history":[{"count":2,"href":"https:\/\/www.magrina.com\/ca\/wp-json\/wp\/v2\/posts\/1528\/revisions"}],"predecessor-version":[{"id":1532,"href":"https:\/\/www.magrina.com\/ca\/wp-json\/wp\/v2\/posts\/1528\/revisions\/1532"}],"wp:featuredmedia":[{"embeddable":true,"href":"https:\/\/www.magrina.com\/ca\/wp-json\/wp\/v2\/media\/1530"}],"wp:attachment":[{"href":"https:\/\/www.magrina.com\/ca\/wp-json\/wp\/v2\/media?parent=1528"}],"wp:term":[{"taxonomy":"category","embeddable":true,"href":"https:\/\/www.magrina.com\/ca\/wp-json\/wp\/v2\/categories?post=1528"},{"taxonomy":"post_tag","embeddable":true,"href":"https:\/\/www.magrina.com\/ca\/wp-json\/wp\/v2\/tags?post=1528"}],"curies":[{"name":"wp","href":"https:\/\/api.w.org\/{rel}","templated":true}]}}