
{"id":1406,"date":"2016-10-21T09:17:47","date_gmt":"2016-10-21T09:17:47","guid":{"rendered":"http:\/\/www.magrina.com\/?p=1406"},"modified":"2016-10-21T09:19:05","modified_gmt":"2016-10-21T09:19:05","slug":"epigenetic_cream","status":"publish","type":"post","link":"https:\/\/www.magrina.com\/ca\/epigenetic_cream\/","title":{"rendered":"CREMA EPIGEN\u00c8TICA"},"content":{"rendered":"<p>Base cremosa, nou concepte de producte cosm\u00e8tic amb un ingredient intel\u00b7ligent, un actiu epigen\u00e8tic que t\u00e9 per objectiu reactivar la joventut de la pell. La seva acci\u00f3 es basa en millorar els mecanismes responsables d&#8217;una bona qualitat cut\u00e0nia, mecanismes que es veuen afectats pel nostre entorn i el nostre estil de vida. S&#8217;activen aix\u00ed, els gens que participen en el rejoveniment de la pell, afavorint la s\u00edntesi de col\u00b7lagen i altres fibres el\u00e0stiques, inactivant els enzims acceleradors de l&#8217;envelliment i millorant tots els par\u00e0metres essencials per a una bona qualitat de la pell, que es percep, amb el seu \u00fas, m\u00e9s jove i equilibrada, amb millor to i elasticitat i textura m\u00e9s fina i uniforme.<\/p>\n<p><span style=\"text-decoration: underline;\"><strong>Aplicaci\u00f3<\/strong><\/span><br \/>\nAplicar una o dues vegades al dia en suau massatge sobre cara, coll i escot fins a la seva total absorci\u00f3.<\/p>\n<p><strong><span style=\"text-decoration: underline;\">Indicacions<\/span><\/strong><br \/>\nTot tipus de pells, particularment les m\u00e9s madures i en general totes les que poden estar sotmeses a condicions ambientals m\u00e9s extremes, encara que siguin joves.<\/p>\n<p><span style=\"text-decoration: underline;\"><strong>Ingredients actius<\/strong><\/span><br \/>\n<strong>Epigenomil\u00ae:<\/strong> obtingut a partir de les flors de cal\u00e8ndula, \u00e9s actiu intel\u00b7ligent que reequilibra els mecanismes epigen\u00e8tics (factors externs que influeixen sobre els nostres gens cutanis) que tenen lloc a la nostra pell amb un efecte antiaging<br \/>\n<strong>Mantega de Karit\u00e9<\/strong>: extracte natural de la nou de karit\u00e9, de propietats lubricants, emol\u00b7lients i protectores. Combat la sequedat cut\u00e0nia, suavitza i afavoreix el confort de la pell.<br \/>\n<strong>Vitamina E<\/strong>: vitamina multibenefici amb un efecte tant tractant com preventiu. Presenta principalment una activitat antioxidant i antiradicals lliures. Combat la sequedat i les arrugues. Contribueix al manteniment de l&#8217;elasticitat de la pell. Atenua la reactivitat cut\u00e0nia.<br \/>\n<strong>Al\u00b7lanto\u00efna<\/strong>: agent que fomenta la renovaci\u00f3 cel\u00b7lular, especialment la de la pell alterada o maltractada per factors externs (sol, fred, vent &#8230;)<br \/>\n<strong>Glicerina<\/strong>: subst\u00e0ncia humectant que forma una pel\u00b7l\u00edcula protectora sobre l&#8217;epidermis, amb una acci\u00f3 suavitzant<br \/>\n<strong>Oli d&#8217;arr\u00f2s<\/strong>: obtingut dels grans d\u00f3na arr\u00f2s, \u00e9s ric en antioxidants particularment el oryzanol, \u00e0cids grassos i vitamines A i E. Molt efica\u00e7 en la defensa enfront de l&#8217;acci\u00f3 perjudicial dels radicals lliures i, en conseq\u00fc\u00e8ncia, en la lluita contra l&#8217;envelliment prematur. Promou la formaci\u00f3 de col\u00b7lagen. Actua com a lubricant i emol\u00b7lient cutani amb una untuositat discreta i una absorci\u00f3 r\u00e0pida.<br \/>\n<strong>Polisac\u00e0rid calmant<\/strong>: obtingut biotecnol\u00f2gicament a partir de substrats vegetals, es comporta com un agent desensibilitzant que s&#8217;oposa a la reactivitat cut\u00e0nia, assegurant una pell equilibrada i confortable.<\/p>","protected":false},"excerpt":{"rendered":"<p>Base cremosa, nou concepte de producte cosm\u00e8tic amb un ingredient intel\u00b7ligent, un actiu epigen\u00e8tic que t\u00e9 per objectiu reactivar la joventut de la pell. La seva acci\u00f3 es basa en millorar els mecanismes responsables d&#8217;una bona qualitat cut\u00e0nia, mecanismes que es veuen afectats pel nostre entorn i el nostre estil de vida. S&#8217;activen aix\u00ed, els&nbsp;<a href=\"https:\/\/www.magrina.com\/ca\/epigenetic_cream\/\" class=\"read-more\">Continue Reading<\/a><\/p>\n","protected":false},"author":3,"featured_media":1407,"comment_status":"closed","ping_status":"closed","sticky":false,"template":"","format":"standard","meta":{"footnotes":""},"categories":[1,32,42],"tags":[],"class_list":["post-1406","post","type-post","status-publish","format-standard","has-post-thumbnail","hentry","category-np","category-spec-treat","category-anti-ageing","cat-1-id","cat-32-id","cat-42-id"],"_links":{"self":[{"href":"https:\/\/www.magrina.com\/ca\/wp-json\/wp\/v2\/posts\/1406","targetHints":{"allow":["GET"]}}],"collection":[{"href":"https:\/\/www.magrina.com\/ca\/wp-json\/wp\/v2\/posts"}],"about":[{"href":"https:\/\/www.magrina.com\/ca\/wp-json\/wp\/v2\/types\/post"}],"author":[{"embeddable":true,"href":"https:\/\/www.magrina.com\/ca\/wp-json\/wp\/v2\/users\/3"}],"replies":[{"embeddable":true,"href":"https:\/\/www.magrina.com\/ca\/wp-json\/wp\/v2\/comments?post=1406"}],"version-history":[{"count":2,"href":"https:\/\/www.magrina.com\/ca\/wp-json\/wp\/v2\/posts\/1406\/revisions"}],"predecessor-version":[{"id":1409,"href":"https:\/\/www.magrina.com\/ca\/wp-json\/wp\/v2\/posts\/1406\/revisions\/1409"}],"wp:featuredmedia":[{"embeddable":true,"href":"https:\/\/www.magrina.com\/ca\/wp-json\/wp\/v2\/media\/1407"}],"wp:attachment":[{"href":"https:\/\/www.magrina.com\/ca\/wp-json\/wp\/v2\/media?parent=1406"}],"wp:term":[{"taxonomy":"category","embeddable":true,"href":"https:\/\/www.magrina.com\/ca\/wp-json\/wp\/v2\/categories?post=1406"},{"taxonomy":"post_tag","embeddable":true,"href":"https:\/\/www.magrina.com\/ca\/wp-json\/wp\/v2\/tags?post=1406"}],"curies":[{"name":"wp","href":"https:\/\/api.w.org\/{rel}","templated":true}]}}