
{"id":1400,"date":"2016-07-08T09:47:58","date_gmt":"2016-07-08T09:47:58","guid":{"rendered":"http:\/\/www.magrina.com\/?p=1400"},"modified":"2016-07-08T09:47:58","modified_gmt":"2016-07-08T09:47:58","slug":"sleeping-mask","status":"publish","type":"post","link":"https:\/\/www.magrina.com\/ca\/sleeping-mask\/","title":{"rendered":"SLEEPING MASK"},"content":{"rendered":"<p>Nou concepte de m\u00e0scara nocturna que aprofita la receptivitat de la pell durant el descans per millorar les seves condicions generals i refor\u00e7ar-ne la vitalitat.<br \/>\nAssegura que la nostra pell &#8220;dorm&#8221; durant la nit per despertar al mat\u00ed descansada i recuperada.<br \/>\nLa seva textura cremosa aix\u00ed com una adequada combinaci\u00f3 de diferents tipus de vitamines contribueix a equilibrar les agressions di\u00e0ries mediambientals i a dinamitzar el proc\u00e9s de renovaci\u00f3 cut\u00e0nia.<br \/>\nD&#8217;aquesta manera, la pell rec\u00e0rrega energia i estableix els mecanismes de reparaci\u00f3 necessaris llevar-se amb un rostre sense fatiga i una textura cut\u00e0nia m\u00e9s jove i lluminosa.<\/p>\n<p><span style=\"text-decoration: underline;\"><strong>Aplicaci\u00f3<\/strong><\/span><br \/>\nAplicar una fina capa per la nit sobre la pell de cara, coll i escot, perfectament neta pera la nit, almenys dues vegades per setmana, uns minuts abans d&#8217;anar a dormir. Fer llavors un gener\u00f3s massatge fins que el producte es fongui amb la pell i s&#8217;absorbeixi totalment.<\/p>\n<p><strong><span style=\"text-decoration: underline;\">Indicacions<\/span><\/strong><br \/>\nTot tipus de pells i molt especialment les m\u00e9s sensibles, reactives, fr\u00e0gils o fatigades. Particularment adequada despr\u00e9s dels dies en qu\u00e8 la pell ha estat sotmesa de manera intensa a un ambient exterior (sol, fred, vent &#8230;.) o interior (aire condicionat, calefacci\u00f3, ordinador &#8230;) adversos.<\/p>\n<p><strong><span style=\"text-decoration: underline;\">Ingredients actius<\/span><\/strong><br \/>\n<strong>Esqual\u00e0<\/strong>: flexibilitza la superf\u00edcie cut\u00e0nia sense aportar tacte gras. \u00c9s emol\u00b7lient, lubricant i humectant. Amb efectes beneficiosos sobre la integritat i la funci\u00f3 barrera de la pell.<br \/>\n<strong>Oli de jojoba<\/strong>: bon lubricant que deixa sobre l&#8217;epidermis una pel\u00b7l\u00edcula protectora que prev\u00e9 la deshidrataci\u00f3<br \/>\n<strong>Mantega de Karit\u00e9<\/strong>: extracte natural de la nou de karit\u00e9, de propietats lubricants, emol\u00b7lients i protectores. Combat la sequedat cut\u00e0nia, suavitza i afavoreix el confort de la pell.<br \/>\n<strong>Niacinamida<\/strong>: forma de vitamina B3 que interv\u00e9 com a antioxidant en nombroses reaccions de l&#8217;organisme. Contribueix a unificar el to cutani, combat la pell tirant i aspra i refor\u00e7a la seva resist\u00e8ncia cut\u00e0nia. Amb acci\u00f3 reparadora- restauradora, disminueix l&#8217;envermelliment de la pell i la seva falta de confort<br \/>\n<strong>Pantenol<\/strong>: subst\u00e0ncia recuperadora cut\u00e0nia que participa en la reconstrucci\u00f3 de la barrera natural de la pell. N\u2019afavoreix tamb\u00e9 la hidrataci\u00f3 i humectaci\u00f3.<br \/>\n<strong>Vitamina E<\/strong>: vitamina multibenefici amb un efecte tant tractant com preventiu. Presenta principalment una activitat antioxidant i antiradicals lliures. Combat la sequedat i les arrugues. Contribueix al manteniment de l&#8217;elasticitat de la pell. Atenua la reactivitat cut\u00e0nia.<br \/>\n<strong>Goma d&#8217;Biosac\u00e0rids<\/strong>: polisac\u00e0rid obtingut per fermentaci\u00f3. Contribueix a la protecci\u00f3 de la pell davant els agents externs. Redueix la reactivitat i la manca de confort cutani.<\/p>","protected":false},"excerpt":{"rendered":"<p>Nou concepte de m\u00e0scara nocturna que aprofita la receptivitat de la pell durant el descans per millorar les seves condicions generals i refor\u00e7ar-ne la vitalitat. Assegura que la nostra pell &#8220;dorm&#8221; durant la nit per despertar al mat\u00ed descansada i recuperada. La seva textura cremosa aix\u00ed com una adequada combinaci\u00f3 de diferents tipus de vitamines&nbsp;<a href=\"https:\/\/www.magrina.com\/ca\/sleeping-mask\/\" class=\"read-more\">Continue Reading<\/a><\/p>\n","protected":false},"author":3,"featured_media":1401,"comment_status":"closed","ping_status":"closed","sticky":false,"template":"","format":"standard","meta":{"footnotes":""},"categories":[1,15],"tags":[],"class_list":["post-1400","post","type-post","status-publish","format-standard","has-post-thumbnail","hentry","category-np","category-masks","cat-1-id","cat-15-id"],"_links":{"self":[{"href":"https:\/\/www.magrina.com\/ca\/wp-json\/wp\/v2\/posts\/1400","targetHints":{"allow":["GET"]}}],"collection":[{"href":"https:\/\/www.magrina.com\/ca\/wp-json\/wp\/v2\/posts"}],"about":[{"href":"https:\/\/www.magrina.com\/ca\/wp-json\/wp\/v2\/types\/post"}],"author":[{"embeddable":true,"href":"https:\/\/www.magrina.com\/ca\/wp-json\/wp\/v2\/users\/3"}],"replies":[{"embeddable":true,"href":"https:\/\/www.magrina.com\/ca\/wp-json\/wp\/v2\/comments?post=1400"}],"version-history":[{"count":1,"href":"https:\/\/www.magrina.com\/ca\/wp-json\/wp\/v2\/posts\/1400\/revisions"}],"predecessor-version":[{"id":1402,"href":"https:\/\/www.magrina.com\/ca\/wp-json\/wp\/v2\/posts\/1400\/revisions\/1402"}],"wp:featuredmedia":[{"embeddable":true,"href":"https:\/\/www.magrina.com\/ca\/wp-json\/wp\/v2\/media\/1401"}],"wp:attachment":[{"href":"https:\/\/www.magrina.com\/ca\/wp-json\/wp\/v2\/media?parent=1400"}],"wp:term":[{"taxonomy":"category","embeddable":true,"href":"https:\/\/www.magrina.com\/ca\/wp-json\/wp\/v2\/categories?post=1400"},{"taxonomy":"post_tag","embeddable":true,"href":"https:\/\/www.magrina.com\/ca\/wp-json\/wp\/v2\/tags?post=1400"}],"curies":[{"name":"wp","href":"https:\/\/api.w.org\/{rel}","templated":true}]}}