
{"id":1293,"date":"2015-04-01T07:29:26","date_gmt":"2015-04-01T07:29:26","guid":{"rendered":"http:\/\/www.magrina.com\/?p=1293"},"modified":"2015-04-01T14:36:48","modified_gmt":"2015-04-01T14:36:48","slug":"base-facial-antigravedad-antiflacidez","status":"publish","type":"post","link":"https:\/\/www.magrina.com\/ca\/base-facial-antigravedad-antiflacidez\/","title":{"rendered":"BASE FACIAL ANTIGRAVETAT ANTIFLACCIDITAT"},"content":{"rendered":"<p><\/p>\n<p>Base cremosa de r\u00e0pida absorci\u00f3, especialment concebuda per minimitzar l&#8217;efecte de &#8220;despenjament&#8221; cutani que es produeix amb el pas dels anys, especialment en zones propenses com el coll, el ment\u00f3 o les galtes. Inclou actius particularment refermant que asseguren una pell ben cohesionada, resistent a la distensi\u00f3, de to \u00f2ptim i alta flexibilitat i elasticitat. S&#8217;assegura d&#8217;aquesta manera un teixit cutani m\u00e9s llis i jove, un relleu m\u00e9s homogeni i un contorn millor definit.<\/p>\n<p><span style=\"text-decoration: underline;\"><strong>Indicacions<\/strong><\/span><br \/>Tot tipus de pells i especialment les que presenten s\u00edmptomes de flacciditat, prematura o associada a l&#8217;envelliment cutani.<\/p>\n<p><span style=\"text-decoration: underline;\"><strong>Aplicaci\u00f3<\/strong><\/span><br \/>Estendre sobre cara, escot i coll, sempre en sentit ascendent, una o dues vegades al dia, en suau massatge fins a la total absorci\u00f3.<\/p>\n<p><span style=\"text-decoration: underline;\"><strong>Ingredients actius<\/strong><\/span><br \/><strong>Derivat de silici:<\/strong> actiu que millora els mecanismes de defensa de la pell enfront de les agressions externes i l&#8217;envelliment. Hidrata i afavoreix la integritat cut\u00e0nia; millora la seva elasticitat i hi potencia un aspecte ters i jove. Exerceix un paper reparador, assegurant la conservaci\u00f3 de les condicions \u00f2ptimes de la pell.<br \/><strong>Extracte de llevat<\/strong>: constitueix una estrat\u00e8gia cosm\u00e8tica antienvelliment per a la lluita contra la relaxaci\u00f3 dels teixits cutanis que es produeix amb el pas dels anys. Mitjan\u00e7ant el mecanisme d&#8217;estimulaci\u00f3 de la s\u00edntesi de mol\u00e8cules d&#8217;ancoratge (com els col\u2022l\u00e0gens IV, VII, integrines i glicoprote\u00efnes) contribueix a refor\u00e7ar la uni\u00f3 entre la dermis i l&#8217;epidermis assegurant la seva integritat, el que garanteix una bona cohesi\u00f3 cut\u00e0nia i dificulta el despenjament caracter\u00edstic de la flacciditat. A m\u00e9s, contribueix a incrementar el to de la pell i suavitza el seu relleu. Redueix les arrugues.<br \/><strong>Col\u2022lagen<\/strong>: component fibr\u00f3s, de gran resist\u00e8ncia que actua com una prote\u00efna estructural de la pell i que \u00e9s, juntament amb l&#8217;elastina, responsable de la seva elasticitat, to i textura. Exerceix un efecte tensor gr\u00e0cies a la seva capacitat film\u00f2gena i millora la protecci\u00f3 cut\u00e0nia enfront dels danys ocasionats pel medi ambient. Hidrata i suavitza la pell. Contribueix a refor\u00e7ar i uniformitzar la morfologia del relleu cutani.<br \/><strong>Creatina<\/strong>: amino\u00e0cid present de forma natural en l&#8217;organisme i el contingut del qual disminueix amb l&#8217;edat. Juga un important paper en l&#8217;activaci\u00f3 del metabolisme energ\u00e8tic de les c\u00e8l\u2022lules, comportant-se com un agent revitalitzant cutani. Hidrata i contribueix a que els sistemes de reparaci\u00f3 i protecci\u00f3 de la pell funcionin correctament. Exerceix un efecte positiu sobre la producci\u00f3 de col\u2022lagen i elastina.<br \/><strong>Mantega de Karit\u00e9<\/strong>: extracte natural de la nou de karit\u00e9, de propietats lubricants, emol\u2022lients i protectores. Combat la sequedat cut\u00e0nia, suavitza i afavoreix el confort de la pell.<\/p>\n<\/p>\n<p><\/p>","protected":false},"excerpt":{"rendered":"<p>Base cremosa de r\u00e0pida absorci\u00f3, especialment concebuda per minimitzar l&#8217;efecte de &#8220;despenjament&#8221; cutani que es produeix amb el pas dels anys, especialment en zones propenses com el coll, el ment\u00f3 o les galtes. Inclou actius particularment refermant que asseguren una pell ben cohesionada, resistent a la distensi\u00f3, de to \u00f2ptim i alta flexibilitat i elasticitat.&nbsp;<a href=\"https:\/\/www.magrina.com\/ca\/base-facial-antigravedad-antiflacidez\/\" class=\"read-more\">Continue Reading<\/a><\/p>\n","protected":false},"author":3,"featured_media":1303,"comment_status":"closed","ping_status":"closed","sticky":false,"template":"","format":"standard","meta":{"footnotes":""},"categories":[42],"tags":[],"class_list":["post-1293","post","type-post","status-publish","format-standard","has-post-thumbnail","hentry","category-anti-ageing","cat-42-id"],"_links":{"self":[{"href":"https:\/\/www.magrina.com\/ca\/wp-json\/wp\/v2\/posts\/1293","targetHints":{"allow":["GET"]}}],"collection":[{"href":"https:\/\/www.magrina.com\/ca\/wp-json\/wp\/v2\/posts"}],"about":[{"href":"https:\/\/www.magrina.com\/ca\/wp-json\/wp\/v2\/types\/post"}],"author":[{"embeddable":true,"href":"https:\/\/www.magrina.com\/ca\/wp-json\/wp\/v2\/users\/3"}],"replies":[{"embeddable":true,"href":"https:\/\/www.magrina.com\/ca\/wp-json\/wp\/v2\/comments?post=1293"}],"version-history":[{"count":4,"href":"https:\/\/www.magrina.com\/ca\/wp-json\/wp\/v2\/posts\/1293\/revisions"}],"predecessor-version":[{"id":1296,"href":"https:\/\/www.magrina.com\/ca\/wp-json\/wp\/v2\/posts\/1293\/revisions\/1296"}],"wp:featuredmedia":[{"embeddable":true,"href":"https:\/\/www.magrina.com\/ca\/wp-json\/wp\/v2\/media\/1303"}],"wp:attachment":[{"href":"https:\/\/www.magrina.com\/ca\/wp-json\/wp\/v2\/media?parent=1293"}],"wp:term":[{"taxonomy":"category","embeddable":true,"href":"https:\/\/www.magrina.com\/ca\/wp-json\/wp\/v2\/categories?post=1293"},{"taxonomy":"post_tag","embeddable":true,"href":"https:\/\/www.magrina.com\/ca\/wp-json\/wp\/v2\/tags?post=1293"}],"curies":[{"name":"wp","href":"https:\/\/api.w.org\/{rel}","templated":true}]}}