
{"id":1244,"date":"2014-10-31T12:03:20","date_gmt":"2014-10-31T12:03:20","guid":{"rendered":"http:\/\/www.magrina.com\/?p=1244"},"modified":"2014-10-31T12:03:20","modified_gmt":"2014-10-31T12:03:20","slug":"crema-universal-inteligente","status":"publish","type":"post","link":"https:\/\/www.magrina.com\/ca\/crema-universal-inteligente\/","title":{"rendered":"CREMA UNIVERSAL INTEL\u2022LIGENT"},"content":{"rendered":"<p><\/p>\n<p><span style=\"text-decoration: underline;\"><strong>Descripci\u00f3<\/strong><\/span><br \/>Crema base, esponjosa i emol\u2022lient, especialment formulada per a la hidrataci\u00f3 intensa, inmediata i de llarga durada de la pell, amb una caracter\u00edstica particular de versatilitat, que la fa adient a tot tipus de pells i climes. Inclou un emulsionant de l\u2019anomenada \u201ccosm\u00e8tica verda\u201d flexible i multifuncional, dissenyat pe a satisfer les necessitats de tot tipus de consumidor.<br \/>La capacitat del producte d\u201dauto-adaptar-se\u201d al medi ambient, permet que, en diferents condicions climatol\u00f2giques i\/o estacionals (ja sigui fred i sequedad, calor o humitat) el producte s\u2019acomodi a les exig\u00e8ncies de la pell, amb una textura final, en tots els casos, suau,comfortable i resistent.<br \/>Inclou una acurada selecci\u00f3 de vitamines dermatol\u00f2giques que contribuieixen al vigor i fortaleza de la pell i a la millora del seu aspecte.<br \/>L\u2019emulsi\u00f3 s\u2019absorbeix sobre l\u2019epidermis formant una pel\u2022l\u00edcula fina i lleugera que la protegeix de les variacions estacional al temps que n\u2019assegura les seves condicions b\u00e0siques de protecci\u00f3n, hidrataci\u00f3 i benestar.<\/p>\n<p><span style=\"text-decoration: underline;\"><strong>Aplicaci\u00f3<\/strong><\/span><br \/>Aplicar sobre la cara, coll i escot, extenent el producte sota suau massatge fins a la seva total absorci\u00f3.<\/p>\n<p><strong><span style=\"text-decoration: underline;\">Indicacions<\/span><\/strong><br \/>Tot tipus de pells i molt especialment les m\u00e9s exposades a agents externs adversos (sol, fred, vent, aire condicionat&#8230;)<\/p>\n<p><span style=\"text-decoration: underline;\"><strong>Ingredients actius<\/strong><\/span><br \/><strong>Mantega de Karit\u00e9<\/strong>: extracte natural de propietats emol\u2022lients i protectores. Combat la sequedat, suavitza i mitiga l\u2019envermelliment cutani<br \/><strong>Vitamina E<\/strong>: activitat antioxidant i antiradicals lliures. Millora les arrugues i la sequedat. Amb efecte protector per al mantenimnet de les fibres el\u00e0stiques de la pell. Refor\u00e7a els mecanismes naturals de defensa. Constitueix un factor de prevenci\u00f3 davant els s\u00edmptomes de l\u2019envelliment prematur. T\u00e9 propietats humectants. Disminueix la intensitat i la durada de certes reaccions cut\u00e0nies<br \/><strong>Pantenol<\/strong>: \u00e9s un principi recuperador cutani que contribueix a la reconstrucci\u00f3 de la barrera natural de la pell. Altament emol\u2022lient, afavoreix tamb\u00e9 la hidrataci\u00f3 i humectaci\u00f3 de l\u2019epidermis.<br \/><strong>Niacinamida<\/strong>: forma de vitamina B3 que interv\u00e9 com a antioxidant en nombroses reaccions de l\u2019organisme. Contribueix a unificar el to cutani, combat la pell tibant i aspra i refor\u00e7a la seva resist\u00e8ncia cut\u00e0nia. Amb acci\u00f3 reparadora-restauradora, disminueix l\u2019envermelliment de la pell i la seva falta de comfort.<br \/><strong>Alanto\u00edna<\/strong>: agent que fomenta la renovaci\u00f3 cel\u2022lular, especialmente la de la pell alteradao o maltractada per factors externs (sol, fred, vent\u2026)<br \/><strong>Glicerina<\/strong>: subst\u00e0ncia humectant que forma una pel\u2022l\u00edcula protecotra sobre l\u2019epidermis amb una acci\u00f3 suavitzant<br \/><strong>Goma de biosac\u00e0rids<\/strong>: forma una pel\u2022l\u00edcula protectora que impedeix la deshidrataci\u00f3 de la pell, amb efectes tant inmediats com a llarg termini. Aporten suavitat i benestar..<\/p>\n<p><\/p>","protected":false},"excerpt":{"rendered":"<p>Descripci\u00f3Crema base, esponjosa i emol\u2022lient, especialment formulada per a la hidrataci\u00f3 intensa, inmediata i de llarga durada de la pell, amb una caracter\u00edstica particular de versatilitat, que la fa adient a tot tipus de pells i climes. Inclou un emulsionant de l\u2019anomenada \u201ccosm\u00e8tica verda\u201d flexible i multifuncional, dissenyat pe a satisfer les necessitats de tot&nbsp;<a href=\"https:\/\/www.magrina.com\/ca\/crema-universal-inteligente\/\" class=\"read-more\">Continue Reading<\/a><\/p>\n","protected":false},"author":3,"featured_media":1245,"comment_status":"closed","ping_status":"closed","sticky":false,"template":"","format":"standard","meta":{"footnotes":""},"categories":[1],"tags":[],"class_list":["post-1244","post","type-post","status-publish","format-standard","has-post-thumbnail","hentry","category-np","cat-1-id"],"_links":{"self":[{"href":"https:\/\/www.magrina.com\/ca\/wp-json\/wp\/v2\/posts\/1244","targetHints":{"allow":["GET"]}}],"collection":[{"href":"https:\/\/www.magrina.com\/ca\/wp-json\/wp\/v2\/posts"}],"about":[{"href":"https:\/\/www.magrina.com\/ca\/wp-json\/wp\/v2\/types\/post"}],"author":[{"embeddable":true,"href":"https:\/\/www.magrina.com\/ca\/wp-json\/wp\/v2\/users\/3"}],"replies":[{"embeddable":true,"href":"https:\/\/www.magrina.com\/ca\/wp-json\/wp\/v2\/comments?post=1244"}],"version-history":[{"count":1,"href":"https:\/\/www.magrina.com\/ca\/wp-json\/wp\/v2\/posts\/1244\/revisions"}],"predecessor-version":[{"id":1246,"href":"https:\/\/www.magrina.com\/ca\/wp-json\/wp\/v2\/posts\/1244\/revisions\/1246"}],"wp:featuredmedia":[{"embeddable":true,"href":"https:\/\/www.magrina.com\/ca\/wp-json\/wp\/v2\/media\/1245"}],"wp:attachment":[{"href":"https:\/\/www.magrina.com\/ca\/wp-json\/wp\/v2\/media?parent=1244"}],"wp:term":[{"taxonomy":"category","embeddable":true,"href":"https:\/\/www.magrina.com\/ca\/wp-json\/wp\/v2\/categories?post=1244"},{"taxonomy":"post_tag","embeddable":true,"href":"https:\/\/www.magrina.com\/ca\/wp-json\/wp\/v2\/tags?post=1244"}],"curies":[{"name":"wp","href":"https:\/\/api.w.org\/{rel}","templated":true}]}}