
{"id":1234,"date":"2014-07-14T09:12:44","date_gmt":"2014-07-14T09:12:44","guid":{"rendered":"http:\/\/www.magrina.com\/?p=1234"},"modified":"2014-07-16T06:44:37","modified_gmt":"2014-07-16T06:44:37","slug":"dermopurifyer-concentrate","status":"publish","type":"post","link":"https:\/\/www.magrina.com\/ca\/dermopurifyer-concentrate\/","title":{"rendered":"CONCENTRAT DERMOPURIFICANT"},"content":{"rendered":"<p><\/p>\n<p>Gel fluid, de textura fresca i lleugera, especialment formulat per al tractament espec\u00edfic i puntual de les zones cut\u00e0nies afectades per impureses.<br \/>Incorpora un actiu vegetal que combina sin\u00e8rgicament les propietats de les seves mol\u00e8cules elementals (amino\u00e0cids, oligoelements i vitamines) i presenta una acci\u00f3 dermopurificant i moderadora de la secreci\u00f3 greix. Redueix la congesti\u00f3 i les vermellors de les zones propenses millorant l&#8217;aspecte de la pell i el seu confort.<br \/>Contribueix a l&#8217;adequada higiene aquelles zones facials m\u00e9s vulnerables a les impureses.<\/p>\n<p><strong><span style=\"text-decoration: underline;\">Indicacions<\/span><\/strong><br \/>Pells joves, greixoses o mixtes i madures, amb tend\u00e8ncia a les impureses cut\u00e0nies. Es pot utilitzar tant per al tractament com per a la prevenci\u00f3 de les impureses en zones propenses. Particularment \u00fatil en zona T.<\/p>\n<p><span style=\"text-decoration: underline;\"><strong>Aplicaci\u00f3<\/strong><\/span><br \/>Aplicar di\u00e0riament, una o dues vegades, sobre la pell perfectament neta, fent massatge sua sobre cara i coll fins a la seva total absorci\u00f3<\/p>\n<p><strong><span style=\"text-decoration: underline;\">Ingredients actius<\/span><\/strong><br \/><strong>Glicerina:<\/strong> amb acci\u00f3 humectant-plastificant, ajuda al manteniment de la hidrataci\u00f3 i suavitat de la pell <br \/><strong>Pantenol:<\/strong> anomenat tamb\u00e9 provitamina B5 \u00e9s un principi recuperador cutani que contribueix a la reconstrucci\u00f3 de la barrera natural de la pell. Altament emol\u2022lient, afavoreix tamb\u00e9 la hidrataci\u00f3 i humectaci\u00f3 de l&#8217;epidermis<br \/><strong>Glicirricinat pot\u00e0ssic:<\/strong> acci\u00f3 descongestiva i calmant. Combat l\u2019envermelliment cutani i contribueix a la recuperaci\u00f3 del confort a la pell.<br \/><strong>Complex Iris florentina:<\/strong> combinaci\u00f3 sin\u00e8rgica de tres ingredients actius, l&#8217;extracte d\u2019iris, una sal de zinc i vitamina A, per atendre les necessitats espec\u00edfiques de les pells grasses i \/ o amb tend\u00e8ncia a les impureses i que es concreten en una acci\u00f3 descongestiva i astringent, un efecte seboregulador (per inhibici\u00f3 de la s\u00edntesi de l\u00edpids) i dermopurificant i una dinamitzaci\u00f3 de la renovaci\u00f3 cel\u2022lular.<\/p>\n<p><\/p>","protected":false},"excerpt":{"rendered":"<p>Gel fluid, de textura fresca i lleugera, especialment formulat per al tractament espec\u00edfic i puntual de les zones cut\u00e0nies afectades per impureses.Incorpora un actiu vegetal que combina sin\u00e8rgicament les propietats de les seves mol\u00e8cules elementals (amino\u00e0cids, oligoelements i vitamines) i presenta una acci\u00f3 dermopurificant i moderadora de la secreci\u00f3 greix. Redueix la congesti\u00f3 i les&nbsp;<a href=\"https:\/\/www.magrina.com\/ca\/dermopurifyer-concentrate\/\" class=\"read-more\">Continue Reading<\/a><\/p>\n","protected":false},"author":3,"featured_media":1237,"comment_status":"closed","ping_status":"closed","sticky":false,"template":"","format":"standard","meta":{"footnotes":""},"categories":[1,37],"tags":[],"class_list":["post-1234","post","type-post","status-publish","format-standard","has-post-thumbnail","hentry","category-np","category-acne","cat-1-id","cat-37-id"],"_links":{"self":[{"href":"https:\/\/www.magrina.com\/ca\/wp-json\/wp\/v2\/posts\/1234","targetHints":{"allow":["GET"]}}],"collection":[{"href":"https:\/\/www.magrina.com\/ca\/wp-json\/wp\/v2\/posts"}],"about":[{"href":"https:\/\/www.magrina.com\/ca\/wp-json\/wp\/v2\/types\/post"}],"author":[{"embeddable":true,"href":"https:\/\/www.magrina.com\/ca\/wp-json\/wp\/v2\/users\/3"}],"replies":[{"embeddable":true,"href":"https:\/\/www.magrina.com\/ca\/wp-json\/wp\/v2\/comments?post=1234"}],"version-history":[{"count":6,"href":"https:\/\/www.magrina.com\/ca\/wp-json\/wp\/v2\/posts\/1234\/revisions"}],"predecessor-version":[{"id":1241,"href":"https:\/\/www.magrina.com\/ca\/wp-json\/wp\/v2\/posts\/1234\/revisions\/1241"}],"wp:featuredmedia":[{"embeddable":true,"href":"https:\/\/www.magrina.com\/ca\/wp-json\/wp\/v2\/media\/1237"}],"wp:attachment":[{"href":"https:\/\/www.magrina.com\/ca\/wp-json\/wp\/v2\/media?parent=1234"}],"wp:term":[{"taxonomy":"category","embeddable":true,"href":"https:\/\/www.magrina.com\/ca\/wp-json\/wp\/v2\/categories?post=1234"},{"taxonomy":"post_tag","embeddable":true,"href":"https:\/\/www.magrina.com\/ca\/wp-json\/wp\/v2\/tags?post=1234"}],"curies":[{"name":"wp","href":"https:\/\/api.w.org\/{rel}","templated":true}]}}