
{"id":1212,"date":"2014-03-28T09:41:52","date_gmt":"2014-03-28T09:41:52","guid":{"rendered":"http:\/\/www.magrina.com\/?p=1212"},"modified":"2014-03-28T11:39:15","modified_gmt":"2014-03-28T11:39:15","slug":"oxigen-cream","status":"publish","type":"post","link":"https:\/\/www.magrina.com\/ca\/oxigen-cream\/","title":{"rendered":"BASE OXIGENANT"},"content":{"rendered":"<p><\/p>\n<p>Emulsi\u00f3 cremosa, que es fon amb la pell aportant-hi una suau untuositat amb un acabat fi i mat.<br \/>Inclou, sobre una base cosm\u00e8tica que en promou la seva penetraci\u00f3, una selecci\u00f3 d&#8217;ingredients actius espec\u00edfics per combatre l&#8217;envelliment prematur. Dinamitza les funcions vitals de les c\u00e8l\u2022lules cut\u00e0nies que reforcen els seus mecanismes naturals de protecci\u00f3. Presenta una potent activitat de captura dels radicals lliures i altres esp\u00e8cies reactives, responsables de diferents alteracions a la pell i de l&#8217;oxidaci\u00f3 dels l\u00edpids cutanis aix\u00ed com un efecte preventiu del deteriorament de la pell associat al pas dels anys i a l&#8217;exposici\u00f3 a agents nocius externs.<br \/>Hi assegura, d&#8217;aquesta manera, un efecte purificant, amb un aspecte m\u00e9s fresc i llumin\u00f3s.<br \/>\u00a0<br \/><span style=\"text-decoration: underline;\"><strong>Indicaci\u00f3:<\/strong><\/span><br \/>Tot tipus de pells i especialment les que presenten s\u00edmptomes d\u2019envelliment, fragilitat o exc\u00e9s de reactivitat.<\/p>\n<p><strong><span style=\"text-decoration: underline;\">Aplicaci\u00f3:<\/span><\/strong><br \/>Estendre sobre cara i coll , una o dues vegades al dia, en suau massatge fins a la total absorci\u00f3.<\/p>\n<p><span style=\"text-decoration: underline;\"><strong>Ingredients actius:<\/strong><\/span><br \/><strong>Lipochroman\u00ae:<\/strong> actiu protector de les c\u00e8l\u2022lules de la pell. Amb un potent efecte antioxidant est\u00e0 espec\u00edficament dissenyat per capturar els radicals lliures i les principals esp\u00e8cies reactives que donen lloc a un ampli rang d&#8217;efectes perjudicials per a la pell com el deteriorament de l&#8217;ADN, les alteracions de prote\u00efnes , l&#8217;oxidaci\u00f3 dels l\u00edpids cutanis o la inactivaci\u00f3 d&#8217;enzims, el que comporta a una acceleraci\u00f3 del l&#8217;envelliment de la pell. Constitueix una bombolla activa que purifica seves c\u00e8l\u2022lules.<br \/><strong>Hidrolitzat de prote\u00efnes de soja<\/strong>: excel\u2022lent font de prote\u00efnes vegetals riques en p\u00e8ptids, amino\u00e0cids essencials i minerals que constitueix un factor de nutrici\u00f3 i revitalitzaci\u00f3 de la pell tant a nivell de tractament com de prevenci\u00f3. A curt termini dinamitza el consum d&#8217;oxigen per part de les c\u00e8l\u2022lules de la pell i en millora el seu potencial energ\u00e8tic. A llarg termini, estimula de la renovaci\u00f3 cel\u2022lular el que indueix el rejoveniment i la lluminositat de la pell .<br \/><strong>Glicerina<\/strong>: subst\u00e0ncia humectant que forma una pel\u2022l\u00edcula protectora sobre l\u2019epidermis, amb una acci\u00f3 suavitzant<br \/><strong>Mantega de Karit\u00e9<\/strong> : extracte natural de la nou de Karit\u00e9, de propietats emol\u2022lients i protectores. Combat la sequedat cut\u00e0nia, suavitza i mitiga l&#8217;envermelliment cutani<br \/><strong>Butilenglicol<\/strong> : agent humectant , suavitzant i hidratant que impedeix la dessecaci\u00f3 de la capa c\u00f2rnia de la pell. \u00c9s emol\u2022lient i protector, contribuint a la suavitat de l&#8217;epidermis <br \/><strong>Agent matificant<\/strong> : pols suau , absorbent l&#8217;exc\u00e9s de untuositat a la pell a la qual aporta un tacte extremadament suau i un acabat llis i mat.<\/p>\n<p><\/p>","protected":false},"excerpt":{"rendered":"<p>Emulsi\u00f3 cremosa, que es fon amb la pell aportant-hi una suau untuositat amb un acabat fi i mat.Inclou, sobre una base cosm\u00e8tica que en promou la seva penetraci\u00f3, una selecci\u00f3 d&#8217;ingredients actius espec\u00edfics per combatre l&#8217;envelliment prematur. Dinamitza les funcions vitals de les c\u00e8l\u2022lules cut\u00e0nies que reforcen els seus mecanismes naturals de protecci\u00f3. Presenta una&nbsp;<a href=\"https:\/\/www.magrina.com\/ca\/oxigen-cream\/\" class=\"read-more\">Continue Reading<\/a><\/p>\n","protected":false},"author":3,"featured_media":1215,"comment_status":"closed","ping_status":"closed","sticky":false,"template":"","format":"standard","meta":{"footnotes":""},"categories":[1,32,42],"tags":[],"class_list":["post-1212","post","type-post","status-publish","format-standard","has-post-thumbnail","hentry","category-np","category-spec-treat","category-anti-ageing","cat-1-id","cat-32-id","cat-42-id"],"_links":{"self":[{"href":"https:\/\/www.magrina.com\/ca\/wp-json\/wp\/v2\/posts\/1212","targetHints":{"allow":["GET"]}}],"collection":[{"href":"https:\/\/www.magrina.com\/ca\/wp-json\/wp\/v2\/posts"}],"about":[{"href":"https:\/\/www.magrina.com\/ca\/wp-json\/wp\/v2\/types\/post"}],"author":[{"embeddable":true,"href":"https:\/\/www.magrina.com\/ca\/wp-json\/wp\/v2\/users\/3"}],"replies":[{"embeddable":true,"href":"https:\/\/www.magrina.com\/ca\/wp-json\/wp\/v2\/comments?post=1212"}],"version-history":[{"count":7,"href":"https:\/\/www.magrina.com\/ca\/wp-json\/wp\/v2\/posts\/1212\/revisions"}],"predecessor-version":[{"id":1220,"href":"https:\/\/www.magrina.com\/ca\/wp-json\/wp\/v2\/posts\/1212\/revisions\/1220"}],"wp:featuredmedia":[{"embeddable":true,"href":"https:\/\/www.magrina.com\/ca\/wp-json\/wp\/v2\/media\/1215"}],"wp:attachment":[{"href":"https:\/\/www.magrina.com\/ca\/wp-json\/wp\/v2\/media?parent=1212"}],"wp:term":[{"taxonomy":"category","embeddable":true,"href":"https:\/\/www.magrina.com\/ca\/wp-json\/wp\/v2\/categories?post=1212"},{"taxonomy":"post_tag","embeddable":true,"href":"https:\/\/www.magrina.com\/ca\/wp-json\/wp\/v2\/tags?post=1212"}],"curies":[{"name":"wp","href":"https:\/\/api.w.org\/{rel}","templated":true}]}}