
{"id":1049,"date":"2012-11-27T15:23:03","date_gmt":"2012-11-27T15:23:03","guid":{"rendered":"http:\/\/www.magrina.com\/?p=1049"},"modified":"2012-11-29T08:15:23","modified_gmt":"2012-11-29T08:15:23","slug":"emulsion_pieles_alteradas_cosmetica_oncologica","status":"publish","type":"post","link":"https:\/\/www.magrina.com\/ca\/emulsion_pieles_alteradas_cosmetica_oncologica\/","title":{"rendered":"EMULSI\u00d3 PELLS ALTERADES (COSM\u00c8TICA ONCOL\u00d2GICA)"},"content":{"rendered":"<p><\/p>\n<p>\n\tEmulsi&oacute; cremosa altament emol&bull;lient i hidratant especialment formulada per combatre les mol&egrave;sties cut&agrave;nies associades a tractaments oncol&ograve;gics: sequedat, aspror, prurigen,clivellament &#8230;. Assegura una correcta hidrataci&oacute; i nutrici&oacute; de la pell refor&ccedil;ant, gr&agrave;cies tamb&eacute; al seu car&agrave;cter filmogen,&nbsp; el seu mantell protector natural i la seva funci&oacute; barrera, tan necess&agrave;ria per al manteniment de l&#39;equilibri cutani en condicions d&#39;extrema agressi&oacute;.<\/p>\n<p>\tAmb efecte calmant complementari, contribueix al benestar cutani i a la recuperaci&oacute; de les condicions &ograve;ptimes de suavitat, elasticitat i lluminositat.\n<\/p>\n<p>\n\t<strong><u>Indicaci&oacute;<\/u><\/strong><\/p>\n<p>\tTot tipus de pells sotmeses a tractaments farmacol&ograve;gics\/ radiol&ograve;logics agressius\n<\/p>\n<p>\n\t<u><strong>Aplicaci&oacute;<\/strong><\/u><\/p>\n<p>\tAplicar di&agrave;riament sobre cara i \/ o cos, amb suau massatge, tantes vegades com calgui fins a la seva total absorci&oacute;\n<\/p>\n<p>\n\t<strong><u>Ingredients actius<\/u><\/p>\n<p>\tEsqual&egrave;:<\/strong> agent filmogen amb car&agrave;cter emol&bull;lient, lubricant i humectant. Nodreix i flexibilitza la pell<\/p>\n<p>\tOli d&#39;ametlles dolces: amb propietats emol&bull;lients , aporta suavitat i finor a la pell. Atenua les vermellors. Amb acci&oacute; recuperadora sobre les alteracions cut&agrave;nies<\/p>\n<p>\t<strong>Glicerina:<\/strong> agent humectant que forma una pel&bull;l&iacute;cula protectora sobre la pell, exercint sobre la mateixa una acci&oacute; suavitzant<\/p>\n<p>\t<strong>Complex descongestiu amb flavonoide de taronja:<\/strong> complex bioactiu per un efecte calmant immediat. Redueix la congesti&oacute; i la irritaci&oacute; cut&agrave;nies. Atenua l&rsquo;envermelliment i suavitza l&#39;epidermis de forma r&agrave;pida i efectiva. A m&eacute;s, dificulta la p&egrave;rdua transepid&egrave;rmica d&#39;aigua (TEWL) i exerceix un efecte reparador de la barrera cut&agrave;nia<\/p>\n<p>\t<strong>Extracte de Casalpinia spinosa<\/strong>: planta peruana altament rica en galactomanos que es presenta sota una nova tecnologia: una matriu d&#39;alliberament seq&uuml;encial dels ingredients actius per a una hidrataci&oacute; a llarg termini amb un efecte d&#39;hidrataci&oacute; immediata per formaci&oacute; d&#39;una pel&bull;l&iacute;cula superficial. Aix&iacute; es produeix una activitat hidratant combinada a dos nivells: millorant de forma immediata i duradora la hidrataci&oacute; de l&#39;estrat corni i regulant la descamaci&oacute; per recuperar un bon aspecte cutani<\/p>\n<p>\t<strong>Complex ramosa, glucosa i &agrave;cid glucur&ograve;nic<\/strong>: polisac&agrave;rid, obtingut per fermentaci&oacute;, protector filmogen de car&agrave;cter humectant que genera en la pell una capa protectora &quot;tefl&oacute;-like&quot; evitant l&#39;adhesi&oacute; de bacteris indesitjables sobre la seva superf&iacute;cie i aportant-hi un efecte suavitzant. Igualment contribueix a modular la reactivitat cut&agrave;nia.<\/p>\n<p>\t<strong>Derivat de cel&bull;lulosa<\/strong>: actiu sensorial per a l&#39;optimitzaci&oacute; de l&#39;acabat del producte. Contribueix a l&#39;homogene&iuml;tzaci&oacute; de la textura de la pell, amb un efecte mat que minimitza la sensaci&oacute; de untuositat sobre la pell\n<\/p>\n<p><\/p>","protected":false},"excerpt":{"rendered":"<p>Emulsi&oacute; cremosa altament emol&bull;lient i hidratant especialment formulada per combatre les mol&egrave;sties cut&agrave;nies associades a tractaments oncol&ograve;gics: sequedat, aspror, prurigen,clivellament &#8230;. Assegura una correcta hidrataci&oacute; i nutrici&oacute; de la pell refor&ccedil;ant, gr&agrave;cies tamb&eacute; al seu car&agrave;cter filmogen,&nbsp; el seu mantell protector natural i la seva funci&oacute; barrera, tan necess&agrave;ria per al manteniment de l&#39;equilibri cutani&nbsp;<a href=\"https:\/\/www.magrina.com\/ca\/emulsion_pieles_alteradas_cosmetica_oncologica\/\" class=\"read-more\">Continue Reading<\/a><\/p>\n","protected":false},"author":3,"featured_media":1064,"comment_status":"closed","ping_status":"closed","sticky":false,"template":"","format":"standard","meta":{"footnotes":""},"categories":[32],"tags":[],"class_list":["post-1049","post","type-post","status-publish","format-standard","has-post-thumbnail","hentry","category-spec-treat","cat-32-id"],"_links":{"self":[{"href":"https:\/\/www.magrina.com\/ca\/wp-json\/wp\/v2\/posts\/1049","targetHints":{"allow":["GET"]}}],"collection":[{"href":"https:\/\/www.magrina.com\/ca\/wp-json\/wp\/v2\/posts"}],"about":[{"href":"https:\/\/www.magrina.com\/ca\/wp-json\/wp\/v2\/types\/post"}],"author":[{"embeddable":true,"href":"https:\/\/www.magrina.com\/ca\/wp-json\/wp\/v2\/users\/3"}],"replies":[{"embeddable":true,"href":"https:\/\/www.magrina.com\/ca\/wp-json\/wp\/v2\/comments?post=1049"}],"version-history":[{"count":12,"href":"https:\/\/www.magrina.com\/ca\/wp-json\/wp\/v2\/posts\/1049\/revisions"}],"predecessor-version":[{"id":1051,"href":"https:\/\/www.magrina.com\/ca\/wp-json\/wp\/v2\/posts\/1049\/revisions\/1051"}],"wp:featuredmedia":[{"embeddable":true,"href":"https:\/\/www.magrina.com\/ca\/wp-json\/wp\/v2\/media\/1064"}],"wp:attachment":[{"href":"https:\/\/www.magrina.com\/ca\/wp-json\/wp\/v2\/media?parent=1049"}],"wp:term":[{"taxonomy":"category","embeddable":true,"href":"https:\/\/www.magrina.com\/ca\/wp-json\/wp\/v2\/categories?post=1049"},{"taxonomy":"post_tag","embeddable":true,"href":"https:\/\/www.magrina.com\/ca\/wp-json\/wp\/v2\/tags?post=1049"}],"curies":[{"name":"wp","href":"https:\/\/api.w.org\/{rel}","templated":true}]}}